{"id":30972,"date":"2026-04-01T14:53:37","date_gmt":"2026-04-01T20:53:37","guid":{"rendered":"https:\/\/periodismoinformativo.com\/?p=30972"},"modified":"2026-04-06T13:18:02","modified_gmt":"2026-04-06T19:18:02","slug":"conmemora-jerez-454-anos-de-historia-identidad-y-tradicion","status":"publish","type":"post","link":"https:\/\/periodismoinformativo.com\/?p=30972","title":{"rendered":"CONMEMORA JEREZ 454 A\u00d1OS DE HISTORIA, IDENTIDAD Y TRADICI\u00d3N"},"content":{"rendered":"<p>Rodrigo Ure\u00f1o encabeza ceremonia solemne y entrega del Premio al M\u00e9rito Art\u00edstico y Cultural \u201cArturo P\u00e9rez Torres\u201d<\/p>\n<p>Jerez, Zac.- En un ambiente de orgullo y profundo sentido de pertenencia, el presidente municipal, Rodrigo Ure\u00f1o, encabez\u00f3 la ceremonia conmemorativa por los 454 a\u00f1os del poblamiento definitivo y fundaci\u00f3n de Jerez, destacando la riqueza hist\u00f3rica, cultural y social que distingue al municipio.<br \/>\nLas actividades dieron inicio con la develaci\u00f3n de una placa conmemorativa en la Presidencia Municipal, acto en el que el alcalde estuvo acompa\u00f1ado por su equipo de trabajo, regidoras y regidores, as\u00ed como elementos de la Guardia Nacional. La ceremonia c\u00edvica cont\u00f3 con la participaci\u00f3n de la Banda de Guerra de la Secundaria \u201cRam\u00f3n L\u00f3pez Velarde\u201d, la Escolta del Colegio \u201cDaniel M\u00e1rquez Medina\u201d, estudiantes de la Escuela \u201cCandelario Hu\u00edzar\u201d y la Banda Municipal, quienes brindaron solemnidad y realce al evento.<br \/>\nComo parte del programa, el cronista adjunto, H\u00e9ctor Manuel Rodr\u00edguez Nava, ofreci\u00f3 una rese\u00f1a hist\u00f3rica en la que destac\u00f3 la relevancia del legado de Jerez como un pueblo de profundas ra\u00edces, cuya identidad ha sido forjada a lo largo de los siglos por su gente, sus tradiciones y su vocaci\u00f3n cultural.<br \/>\nPosteriormente, se llev\u00f3 a cabo la Sesi\u00f3n Solemne de Cabildo en Alk\u00e1zar. Durante la exposici\u00f3n de motivos, el secretario de Gobierno, Samuel Berumen, subray\u00f3 la importancia de fortalecer la conciencia hist\u00f3rica como un elemento clave para el desarrollo social y cultural del municipio.<br \/>\nEn su mensaje, el presidente municipal, Rodrigo Ure\u00f1o, resalt\u00f3 que Jerez es identidad, tradici\u00f3n y orgullo de su gente, valores que, dijo, deben preservarse y fortalecerse para las futuras generaciones, reiterando el compromiso de su administraci\u00f3n con la promoci\u00f3n de la cultura, la historia y el desarrollo integral del municipio.<br \/>\nEn esta sesi\u00f3n se realiz\u00f3 la entrega del Premio al M\u00e9rito Art\u00edstico y Cultural \u201cArturo P\u00e9rez Torres\u201d, a trav\u00e9s del Instituto Jerezano de Cultura (IJC). En esta edici\u00f3n, el reconocimiento fue otorgado a la maestra Yesenia Bibiano Reveles, directora del Ballet Folcl\u00f3rico Telpochcalli, por su destacada trayectoria en la promoci\u00f3n de la danza, su creatividad y talento, as\u00ed como por su invaluable labor en la formaci\u00f3n de generaciones de jerezanos durante d\u00e9cadas.<br \/>\nLa ceremonia de premiaci\u00f3n estuvo enmarcada por la presentaci\u00f3n del Ensamble de Difusi\u00f3n del IJC, bajo la direcci\u00f3n del maestro Miguel de la Rosa, quienes ofrecieron una intervenci\u00f3n art\u00edstica que enriqueci\u00f3 el acto solemne.<br \/>\nCon esta conmemoraci\u00f3n, el Gobierno Municipal reafirma su compromiso de honrar el pasado, fortalecer el presente y construir un futuro con base en las ra\u00edces que dan identidad a Jerez.<\/p>\n","protected":false},"excerpt":{"rendered":"<p>Rodrigo Ure\u00f1o encabeza ceremonia solemne y entrega del Premio al M\u00e9rito Art\u00edstico y Cultural \u201cArturo P\u00e9rez Torres\u201d Jerez, Zac.- En<\/p>\n","protected":false},"author":5,"featured_media":30973,"comment_status":"closed","ping_status":"closed","sticky":false,"template":"","format":"standard","meta":{"footnotes":"","jetpack_publicize_message":"","jetpack_publicize_feature_enabled":true,"jetpack_social_post_already_shared":true,"jetpack_social_options":{"image_generator_settings":{"template":"highway","default_image_id":0,"font":"","enabled":false},"version":2}},"categories":[8],"tags":[],"class_list":["post-30972","post","type-post","status-publish","format-standard","has-post-thumbnail","hentry","category-ayuntamiento"],"jetpack_publicize_connections":[],"_links":{"self":[{"href":"https:\/\/periodismoinformativo.com\/index.php?rest_route=\/wp\/v2\/posts\/30972","targetHints":{"allow":["GET"]}}],"collection":[{"href":"https:\/\/periodismoinformativo.com\/index.php?rest_route=\/wp\/v2\/posts"}],"about":[{"href":"https:\/\/periodismoinformativo.com\/index.php?rest_route=\/wp\/v2\/types\/post"}],"author":[{"embeddable":true,"href":"https:\/\/periodismoinformativo.com\/index.php?rest_route=\/wp\/v2\/users\/5"}],"replies":[{"embeddable":true,"href":"https:\/\/periodismoinformativo.com\/index.php?rest_route=%2Fwp%2Fv2%2Fcomments&post=30972"}],"version-history":[{"count":1,"href":"https:\/\/periodismoinformativo.com\/index.php?rest_route=\/wp\/v2\/posts\/30972\/revisions"}],"predecessor-version":[{"id":30974,"href":"https:\/\/periodismoinformativo.com\/index.php?rest_route=\/wp\/v2\/posts\/30972\/revisions\/30974"}],"wp:featuredmedia":[{"embeddable":true,"href":"https:\/\/periodismoinformativo.com\/index.php?rest_route=\/wp\/v2\/media\/30973"}],"wp:attachment":[{"href":"https:\/\/periodismoinformativo.com\/index.php?rest_route=%2Fwp%2Fv2%2Fmedia&parent=30972"}],"wp:term":[{"taxonomy":"category","embeddable":true,"href":"https:\/\/periodismoinformativo.com\/index.php?rest_route=%2Fwp%2Fv2%2Fcategories&post=30972"},{"taxonomy":"post_tag","embeddable":true,"href":"https:\/\/periodismoinformativo.com\/index.php?rest_route=%2Fwp%2Fv2%2Ftags&post=30972"}],"curies":[{"name":"wp","href":"https:\/\/api.w.org\/{rel}","templated":true}]}}