{"id":30975,"date":"2026-04-02T01:32:11","date_gmt":"2026-04-02T07:32:11","guid":{"rendered":"https:\/\/periodismoinformativo.com\/?p=30975"},"modified":"2026-04-06T13:20:40","modified_gmt":"2026-04-06T19:20:40","slug":"gran-inicio-de-la-feria-de-la-primavera-jerez-2026-con-generacion-r","status":"publish","type":"post","link":"https:\/\/periodismoinformativo.com\/?p=30975","title":{"rendered":"GRAN INICIO DE LA FERIA DE LA PRIMAVERA JEREZ 2026 CON GENERACI\u00d3N R"},"content":{"rendered":"<p>Jerez, Zacatecas.\u2013 Con una noche llena de nostalgia, talento y grandes \u00e9xitos, dio inicio la Feria de la Primavera Jerez 2026 con la presentaci\u00f3n de Generaci\u00f3n R, agrupaci\u00f3n conformada por Carlos Sarabia, Alex Ojeda, Charly P\u00e9rez y Alex Villarreal, ex vocalistas de la reconocida Banda El Recodo.<\/p>\n<p>Temas como Pena tras Pena, Para Toda la Vida, El Faroly muchos m\u00e1s fueron coreados por el p\u00fablico asistente, que disfrut\u00f3 de una velada llena de recuerdos y emoci\u00f3n, consolidando un arranque espectacular para la m\u00e1xima fiesta de los jerezanos.<\/p>\n<p>La noche tambi\u00e9n cont\u00f3 con la participaci\u00f3n especial del Mariachi Internacional de Miguel de la Rosa, que acompa\u00f1\u00f3 con gran calidad musical las destacadas interpretaciones de los artistas, elevando a\u00fan m\u00e1s la experiencia del p\u00fablico.<\/p>\n<p>El Presidente Municipal, Rodrigo Ure\u00f1o, reconoci\u00f3 a los cantantes por formar parte del inicio de esta importante celebraci\u00f3n, e invit\u00f3 a la ciudadan\u00eda a continuar disfrutando de las actividades programadas durante la feria.<\/p>\n<p>La apertura del evento estuvo a cargo de talentos locales como Johnny Cort\u00e9s, as\u00ed como Chuy Aguilar y su norte\u00f1o banda, quienes lograron encender el ambiente desde los primeros momentos del concierto.<\/p>\n","protected":false},"excerpt":{"rendered":"<p>Jerez, Zacatecas.\u2013 Con una noche llena de nostalgia, talento y grandes \u00e9xitos, dio inicio la Feria de la Primavera Jerez<\/p>\n","protected":false},"author":5,"featured_media":30976,"comment_status":"closed","ping_status":"closed","sticky":false,"template":"","format":"standard","meta":{"footnotes":"","jetpack_publicize_message":"","jetpack_publicize_feature_enabled":true,"jetpack_social_post_already_shared":true,"jetpack_social_options":{"image_generator_settings":{"template":"highway","default_image_id":0,"font":"","enabled":false},"version":2}},"categories":[8],"tags":[],"class_list":["post-30975","post","type-post","status-publish","format-standard","has-post-thumbnail","hentry","category-ayuntamiento"],"jetpack_publicize_connections":[],"_links":{"self":[{"href":"https:\/\/periodismoinformativo.com\/index.php?rest_route=\/wp\/v2\/posts\/30975","targetHints":{"allow":["GET"]}}],"collection":[{"href":"https:\/\/periodismoinformativo.com\/index.php?rest_route=\/wp\/v2\/posts"}],"about":[{"href":"https:\/\/periodismoinformativo.com\/index.php?rest_route=\/wp\/v2\/types\/post"}],"author":[{"embeddable":true,"href":"https:\/\/periodismoinformativo.com\/index.php?rest_route=\/wp\/v2\/users\/5"}],"replies":[{"embeddable":true,"href":"https:\/\/periodismoinformativo.com\/index.php?rest_route=%2Fwp%2Fv2%2Fcomments&post=30975"}],"version-history":[{"count":1,"href":"https:\/\/periodismoinformativo.com\/index.php?rest_route=\/wp\/v2\/posts\/30975\/revisions"}],"predecessor-version":[{"id":30977,"href":"https:\/\/periodismoinformativo.com\/index.php?rest_route=\/wp\/v2\/posts\/30975\/revisions\/30977"}],"wp:featuredmedia":[{"embeddable":true,"href":"https:\/\/periodismoinformativo.com\/index.php?rest_route=\/wp\/v2\/media\/30976"}],"wp:attachment":[{"href":"https:\/\/periodismoinformativo.com\/index.php?rest_route=%2Fwp%2Fv2%2Fmedia&parent=30975"}],"wp:term":[{"taxonomy":"category","embeddable":true,"href":"https:\/\/periodismoinformativo.com\/index.php?rest_route=%2Fwp%2Fv2%2Fcategories&post=30975"},{"taxonomy":"post_tag","embeddable":true,"href":"https:\/\/periodismoinformativo.com\/index.php?rest_route=%2Fwp%2Fv2%2Ftags&post=30975"}],"curies":[{"name":"wp","href":"https:\/\/api.w.org\/{rel}","templated":true}]}}