{"id":30978,"date":"2026-04-04T15:31:33","date_gmt":"2026-04-04T21:31:33","guid":{"rendered":"https:\/\/periodismoinformativo.com\/?p=30978"},"modified":"2026-04-06T13:22:51","modified_gmt":"2026-04-06T19:22:51","slug":"historico-sabado-de-gloria-jerez-desborda-sus-calles-con-casi-60-mil-asistentes","status":"publish","type":"post","link":"https:\/\/periodismoinformativo.com\/?p=30978","title":{"rendered":"HIST\u00d3RICO S\u00c1BADO DE GLORIA: JEREZ DESBORDA SUS CALLES CON CASI 60 MIL ASISTENTES"},"content":{"rendered":"<p>Rodrigo Ure\u00f1o posiciona a Jerez como referente nacional al romper r\u00e9cords de asistencia.<\/p>\n<p>Jerez, Zac.- La fiesta, la tradici\u00f3n y el arraigo cultural vistieron Jerez durante la celebraci\u00f3n del S\u00e1bado de Gloria, uno de los eventos m\u00e1s representativos del pa\u00eds y distintivo del Pueblo M\u00e1gico m\u00e1s alegre de M\u00e9xico. La jornada dio inicio con la emblem\u00e1tica Cabalgata Charra, encabezada por el presidente municipal, Rodrigo Ure\u00f1o Ba\u00f1uelos, quien estuvo acompa\u00f1ado por el secretario general de Gobierno, Rodrigo Reyes Mug\u00fcerza. Tras el tradicional corte de soga y ante la presencia de miles de personas que abarrotaron el Centro Hist\u00f3rico, entre locales y visitantes, se dio paso al gran contingente de cabalgantes.<br \/>\nEl desfile estuvo conformado por autoridades locales y estatales, representantes de distintos sectores y ciudadan\u00eda en general, quienes recorrieron las principales calles del municipio en un ambiente de orden, tradici\u00f3n y convivencia familiar.<br \/>\nEl contingente avanz\u00f3 hasta el Santuario de la Virgen de la Soledad, donde se realiz\u00f3 una ofrenda, para posteriormente retomar el recorrido acompa\u00f1ado por el talento de bandas musicales locales que llenaron de identidad y alegr\u00eda cada rinc\u00f3n. M\u00e1s tarde, la emoci\u00f3n continu\u00f3 con la tradicional Quema de Judas, cuyos estruendos resonaron en distintos puntos del centro de la ciudad, siendo estos lanzados y arrastrados por los jinetes.<br \/>\nEl evento reuni\u00f3 a miles de personas provenientes de distintos municipios, del estado, del pa\u00eds, as\u00ed como de la Uni\u00f3n Americana e incluso de otras naciones, consolidando a Jerez como un referente tur\u00edstico y cultural de gran relevancia. De acuerdo con estimaciones, se superaron los n\u00fameros de asistencia registrados en ediciones anteriores, alcanzando cerca de 60 mil personas distribuidas en las principales plazas, calles y distintos espacios del Pueblo M\u00e1gico, reflejo del inter\u00e9s y proyecci\u00f3n de esta festividad a nivel nacional e internacional.<br \/>\nEntre los asistentes destacaron diputadas y diputados federales y locales, presidentes municipales y diversas personalidades de relevancia social y pol\u00edtica, quienes acompa\u00f1aron al alcalde durante esta importante celebraci\u00f3n.<br \/>\nAsimismo, en plazas y calles aleda\u00f1as, agrupaciones musicales en escenarios y a pie mantuvieron el ambiente festivo, contribuyendo a la algarab\u00eda que caracteriza esta fecha.<br \/>\nCabe destacar que todas las actividades se desarrollaron bajo el resguardo de un importante operativo de seguridad, garantizando un saldo positivo y una experiencia segura para las familias jerezanas y visitantes.<\/p>\n","protected":false},"excerpt":{"rendered":"<p>Rodrigo Ure\u00f1o posiciona a Jerez como referente nacional al romper r\u00e9cords de asistencia. Jerez, Zac.- La fiesta, la tradici\u00f3n y<\/p>\n","protected":false},"author":5,"featured_media":30979,"comment_status":"closed","ping_status":"closed","sticky":false,"template":"","format":"standard","meta":{"footnotes":"","jetpack_publicize_message":"","jetpack_publicize_feature_enabled":true,"jetpack_social_post_already_shared":true,"jetpack_social_options":{"image_generator_settings":{"template":"highway","default_image_id":0,"font":"","enabled":false},"version":2}},"categories":[8],"tags":[],"class_list":["post-30978","post","type-post","status-publish","format-standard","has-post-thumbnail","hentry","category-ayuntamiento"],"jetpack_publicize_connections":[],"_links":{"self":[{"href":"https:\/\/periodismoinformativo.com\/index.php?rest_route=\/wp\/v2\/posts\/30978","targetHints":{"allow":["GET"]}}],"collection":[{"href":"https:\/\/periodismoinformativo.com\/index.php?rest_route=\/wp\/v2\/posts"}],"about":[{"href":"https:\/\/periodismoinformativo.com\/index.php?rest_route=\/wp\/v2\/types\/post"}],"author":[{"embeddable":true,"href":"https:\/\/periodismoinformativo.com\/index.php?rest_route=\/wp\/v2\/users\/5"}],"replies":[{"embeddable":true,"href":"https:\/\/periodismoinformativo.com\/index.php?rest_route=%2Fwp%2Fv2%2Fcomments&post=30978"}],"version-history":[{"count":1,"href":"https:\/\/periodismoinformativo.com\/index.php?rest_route=\/wp\/v2\/posts\/30978\/revisions"}],"predecessor-version":[{"id":30980,"href":"https:\/\/periodismoinformativo.com\/index.php?rest_route=\/wp\/v2\/posts\/30978\/revisions\/30980"}],"wp:featuredmedia":[{"embeddable":true,"href":"https:\/\/periodismoinformativo.com\/index.php?rest_route=\/wp\/v2\/media\/30979"}],"wp:attachment":[{"href":"https:\/\/periodismoinformativo.com\/index.php?rest_route=%2Fwp%2Fv2%2Fmedia&parent=30978"}],"wp:term":[{"taxonomy":"category","embeddable":true,"href":"https:\/\/periodismoinformativo.com\/index.php?rest_route=%2Fwp%2Fv2%2Fcategories&post=30978"},{"taxonomy":"post_tag","embeddable":true,"href":"https:\/\/periodismoinformativo.com\/index.php?rest_route=%2Fwp%2Fv2%2Ftags&post=30978"}],"curies":[{"name":"wp","href":"https:\/\/api.w.org\/{rel}","templated":true}]}}