{"id":30984,"date":"2026-04-06T13:25:53","date_gmt":"2026-04-06T19:25:53","guid":{"rendered":"https:\/\/periodismoinformativo.com\/?p=30984"},"modified":"2026-04-06T13:25:53","modified_gmt":"2026-04-06T19:25:53","slug":"feria-de-la-primavera-supera-expectativas-y-rompe-marcas-de-asistencia-en-jerez","status":"publish","type":"post","link":"https:\/\/periodismoinformativo.com\/?p=30984","title":{"rendered":"FERIA DE LA PRIMAVERA SUPERA EXPECTATIVAS Y ROMPE MARCAS DE ASISTENCIA EN JEREZ"},"content":{"rendered":"<p>M\u00e1s de 100 mil visitantes consolidan a Jerez como epicentro tur\u00edstico en Zacatecas<\/p>\n<p>Jerez, Zacatecas.\u2013 El primer fin de semana de la Feria de la Primavera Jerez 2026 registr\u00f3 cifras hist\u00f3ricas de asistencia, consolid\u00e1ndose como una de las celebraciones m\u00e1s concurridas y representativas del estado.<br \/>\nDurante el S\u00e1bado de Gloria, se estim\u00f3 una afluencia acumulada no simult\u00e1nea de entre 80 mil y 120 mil personas en el primer cuadro de la ciudad y distintos puntos del municipio, as\u00ed como la participaci\u00f3n de aproximadamente 3 mil 500 caballos hasta el corte de las 18:00 horas. La Coordinaci\u00f3n Municipal de Protecci\u00f3n Civil y Bomberos inform\u00f3 que, pese a la gran concentraci\u00f3n de visitantes, se report\u00f3 saldo blanco, brindando 84 atenciones prehospitalarias, adem\u00e1s de atender dos accidentes vehiculares, dos de motocicleta y dos incendios, todos considerados incidentes menores.<br \/>\nLa agenda art\u00edstica fue uno de los principales atractivos del fin de semana, con presentaciones estelares de Generaci\u00f3n R, Marco Flores y La Arrolladora, quienes lograron una importante convocatoria en la explanada ferial, complementada con la participaci\u00f3n de talento local.<br \/>\nEn el \u00e1mbito agropecuario, la Expo Ganadera 2026 destac\u00f3 por la calidad de sus ejemplares y la participaci\u00f3n de 18 expositores provenientes de diversos municipios del estado, as\u00ed como la presencia de 13 casas comerciales. Se exhibieron razas bovinas como Angus, Simmental, Hereford y Charolais, adem\u00e1s de ovinos Dorper y Katahdin, y caballos de registro.<br \/>\nPor su parte, la primera corrida de feria en la Plaza de Toros La Jerezana tuvo como triunfador a Antonio Garc\u00eda \u201cEl Chihuahua\u201d, quien cort\u00f3 dos orejas y sali\u00f3 a hombros. \u00c1ngel Espinoza \u201cPlaterito\u201d y el rejoneador Fauro Aloi obtuvieron una oreja cada uno, en una tarde que, pese a la lluvia, mantuvo el \u00e1nimo del p\u00fablico.<br \/>\nAsimismo, el tradicional desfile de feria reuni\u00f3 a cientos de asistentes en las principales calles de la ciudad, destacando la participaci\u00f3n de la corte real encabezada por Ariadna I, acompa\u00f1ada por sus princesas Aranza y Andrea, as\u00ed como contingentes culturales, bandas, carros aleg\u00f3ricos, cabalgantes y corporaciones de seguridad de los tres \u00f3rdenes de gobierno.<br \/>\nCon estos resultados, la Feria de la Primavera Jerez 2026 reafirma su relevancia como un evento de gran impacto cultural, tur\u00edstico y econ\u00f3mico, superando expectativas y posicionando a Jerez como uno de los destinos m\u00e1s atractivos de la regi\u00f3n.<\/p>\n","protected":false},"excerpt":{"rendered":"<p>M\u00e1s de 100 mil visitantes consolidan a Jerez como epicentro tur\u00edstico en Zacatecas Jerez, Zacatecas.\u2013 El primer fin de semana<\/p>\n","protected":false},"author":5,"featured_media":30985,"comment_status":"closed","ping_status":"closed","sticky":false,"template":"","format":"standard","meta":{"footnotes":"","jetpack_publicize_message":"","jetpack_publicize_feature_enabled":true,"jetpack_social_post_already_shared":true,"jetpack_social_options":{"image_generator_settings":{"template":"highway","default_image_id":0,"font":"","enabled":false},"version":2}},"categories":[8],"tags":[],"class_list":["post-30984","post","type-post","status-publish","format-standard","has-post-thumbnail","hentry","category-ayuntamiento"],"jetpack_publicize_connections":[],"_links":{"self":[{"href":"https:\/\/periodismoinformativo.com\/index.php?rest_route=\/wp\/v2\/posts\/30984","targetHints":{"allow":["GET"]}}],"collection":[{"href":"https:\/\/periodismoinformativo.com\/index.php?rest_route=\/wp\/v2\/posts"}],"about":[{"href":"https:\/\/periodismoinformativo.com\/index.php?rest_route=\/wp\/v2\/types\/post"}],"author":[{"embeddable":true,"href":"https:\/\/periodismoinformativo.com\/index.php?rest_route=\/wp\/v2\/users\/5"}],"replies":[{"embeddable":true,"href":"https:\/\/periodismoinformativo.com\/index.php?rest_route=%2Fwp%2Fv2%2Fcomments&post=30984"}],"version-history":[{"count":1,"href":"https:\/\/periodismoinformativo.com\/index.php?rest_route=\/wp\/v2\/posts\/30984\/revisions"}],"predecessor-version":[{"id":30986,"href":"https:\/\/periodismoinformativo.com\/index.php?rest_route=\/wp\/v2\/posts\/30984\/revisions\/30986"}],"wp:featuredmedia":[{"embeddable":true,"href":"https:\/\/periodismoinformativo.com\/index.php?rest_route=\/wp\/v2\/media\/30985"}],"wp:attachment":[{"href":"https:\/\/periodismoinformativo.com\/index.php?rest_route=%2Fwp%2Fv2%2Fmedia&parent=30984"}],"wp:term":[{"taxonomy":"category","embeddable":true,"href":"https:\/\/periodismoinformativo.com\/index.php?rest_route=%2Fwp%2Fv2%2Fcategories&post=30984"},{"taxonomy":"post_tag","embeddable":true,"href":"https:\/\/periodismoinformativo.com\/index.php?rest_route=%2Fwp%2Fv2%2Ftags&post=30984"}],"curies":[{"name":"wp","href":"https:\/\/api.w.org\/{rel}","templated":true}]}}