{"id":30990,"date":"2026-04-06T14:18:04","date_gmt":"2026-04-06T20:18:04","guid":{"rendered":"https:\/\/periodismoinformativo.com\/?p=30990"},"modified":"2026-04-06T14:18:04","modified_gmt":"2026-04-06T20:18:04","slug":"presentacion-de-marco-flores-y-la-jerez","status":"publish","type":"post","link":"https:\/\/periodismoinformativo.com\/?p=30990","title":{"rendered":"PRESENTACI\u00d3N DE MARCO FLORES Y LA JEREZ"},"content":{"rendered":"<div class=\"x14z9mp xat24cr x1lziwak x1vvkbs xtlvy1s x126k92a\">\n<div dir=\"auto\" style=\"text-align: justify;\">Jerez Zacatecas 4 de Abril; Los asistentes bailaron y disfrutaron de principio a fin del concierto que ofreci\u00f3 Marco Flores y La Jerez este s\u00e1bado de gloria 2026 en las inmediaciones del jard\u00edn principal Rafael P\u00e1ez.<\/div>\n<\/div>\n<div class=\"x14z9mp xat24cr x1lziwak x1vvkbs xtlvy1s x126k92a\" style=\"text-align: justify;\">\n<div dir=\"auto\">En un ambiente festivo, las calles aleda\u00f1as al jard\u00edn principal se llenaron de visitantes que vibraron con las interpretaciones del exponente jerezano y cantaron los \u00e9xitos musicales que lo han llevado al gusto popular de la gente.<\/div>\n<div dir=\"auto\"><\/div>\n<\/div>\n<div class=\"x14z9mp xat24cr x1lziwak x1vvkbs xtlvy1s x126k92a\">\n<div dir=\"auto\" style=\"text-align: justify;\">Ilusi\u00f3n 98, amor de la vida alegre, la cabrona, arrinc\u00f3namela, tamarindo, soy como quiero ser, ya llegue de donde andaba, entre muchas m\u00e1s; fueron las melod\u00edas interpretadas al puro estilo de Marco Flores, con ello se vivi\u00f3 en Jerez de manera \u00fanica, de principio a fin del evento, la m\u00fasica y tradici\u00f3n que caracteriza al pueblo m\u00e1gico m\u00e1s alegre de M\u00e9xico.<\/div>\n<\/div>\n","protected":false},"excerpt":{"rendered":"<p>Jerez Zacatecas 4 de Abril; Los asistentes bailaron y disfrutaron de principio a fin del concierto que ofreci\u00f3 Marco Flores<\/p>\n","protected":false},"author":5,"featured_media":30991,"comment_status":"closed","ping_status":"closed","sticky":false,"template":"","format":"standard","meta":{"footnotes":"","jetpack_publicize_message":"","jetpack_publicize_feature_enabled":true,"jetpack_social_post_already_shared":true,"jetpack_social_options":{"image_generator_settings":{"template":"highway","default_image_id":0,"font":"","enabled":false},"version":2}},"categories":[4,12],"tags":[134,111,162,23,214,74,22],"class_list":["post-30990","post","type-post","status-publish","format-standard","has-post-thumbnail","hentry","category-locales","category-nacionales","tag-delincuencia","tag-feria-de-jerez","tag-inseguridad","tag-jerez","tag-jerezanos","tag-seguridad","tag-zacatecas"],"jetpack_publicize_connections":[],"_links":{"self":[{"href":"https:\/\/periodismoinformativo.com\/index.php?rest_route=\/wp\/v2\/posts\/30990","targetHints":{"allow":["GET"]}}],"collection":[{"href":"https:\/\/periodismoinformativo.com\/index.php?rest_route=\/wp\/v2\/posts"}],"about":[{"href":"https:\/\/periodismoinformativo.com\/index.php?rest_route=\/wp\/v2\/types\/post"}],"author":[{"embeddable":true,"href":"https:\/\/periodismoinformativo.com\/index.php?rest_route=\/wp\/v2\/users\/5"}],"replies":[{"embeddable":true,"href":"https:\/\/periodismoinformativo.com\/index.php?rest_route=%2Fwp%2Fv2%2Fcomments&post=30990"}],"version-history":[{"count":1,"href":"https:\/\/periodismoinformativo.com\/index.php?rest_route=\/wp\/v2\/posts\/30990\/revisions"}],"predecessor-version":[{"id":30992,"href":"https:\/\/periodismoinformativo.com\/index.php?rest_route=\/wp\/v2\/posts\/30990\/revisions\/30992"}],"wp:featuredmedia":[{"embeddable":true,"href":"https:\/\/periodismoinformativo.com\/index.php?rest_route=\/wp\/v2\/media\/30991"}],"wp:attachment":[{"href":"https:\/\/periodismoinformativo.com\/index.php?rest_route=%2Fwp%2Fv2%2Fmedia&parent=30990"}],"wp:term":[{"taxonomy":"category","embeddable":true,"href":"https:\/\/periodismoinformativo.com\/index.php?rest_route=%2Fwp%2Fv2%2Fcategories&post=30990"},{"taxonomy":"post_tag","embeddable":true,"href":"https:\/\/periodismoinformativo.com\/index.php?rest_route=%2Fwp%2Fv2%2Ftags&post=30990"}],"curies":[{"name":"wp","href":"https:\/\/api.w.org\/{rel}","templated":true}]}}