{"id":30993,"date":"2026-04-06T14:19:55","date_gmt":"2026-04-06T20:19:55","guid":{"rendered":"https:\/\/periodismoinformativo.com\/?p=30993"},"modified":"2026-04-06T14:19:55","modified_gmt":"2026-04-06T20:19:55","slug":"jerez-se-viste-de-fiesta-el-tradicional-desfile-de-feria-llena-de-color-las-calles","status":"publish","type":"post","link":"https:\/\/periodismoinformativo.com\/?p=30993","title":{"rendered":"\u00a1Jerez se viste de fiesta! El tradicional desfile de feria llena de color las calles"},"content":{"rendered":"<div class=\"x14z9mp xat24cr x1lziwak x1vvkbs xtlvy1s x126k92a\">\n<div dir=\"auto\" style=\"text-align: justify;\"><strong>Por: Antonio Rom\u00e1n<\/strong><\/div>\n<div dir=\"auto\" style=\"text-align: justify;\"><\/div>\n<\/div>\n<div class=\"x14z9mp xat24cr x1lziwak x1vvkbs xtlvy1s x126k92a\" style=\"text-align: justify;\">\n<div dir=\"auto\">JEREZ, ZACATECAS \u2013 El coraz\u00f3n del Pueblo M\u00e1gico vibr\u00f3 con intensidad este 5 de abril. Ante cientos de jerezanos y visitantes que abarrotaron la calle principal, el Patronato de la Feria de Primavera 2026 celebr\u00f3 con \u00e9xito el tradicional desfile de feria, un evento que desbord\u00f3 alegr\u00eda, elegancia y orgullo jerezano.<\/div>\n<\/div>\n<div class=\"x14z9mp xat24cr x1lziwak x1vvkbs xtlvy1s x126k92a\" style=\"text-align: justify;\">\n<div dir=\"auto\">Belleza y Realeza en el Recorrido<\/div>\n<div dir=\"auto\"><\/div>\n<div dir=\"auto\">El desfile fue una verdadera pasarela de gracia y distinci\u00f3n. La columna festiva cont\u00f3 con la participaci\u00f3n de reinas de belleza de diversos municipios e instituciones educativas, quienes saludaron con entusiasmo al p\u00fablico. Sin embargo, el momento m\u00e1s esperado fue el paso de la Corte Real 2026, encabezada por su graciosa majestad Ariadna I, Reina de la Feria de Primavera, acompa\u00f1ada por sus bellas princesas Aranza y Andrea, quienes lucieron radiantes en este d\u00eda tan especial.<\/div>\n<div dir=\"auto\"><\/div>\n<\/div>\n<div class=\"x14z9mp xat24cr x1lziwak x1vvkbs xtlvy1s x126k92a\" style=\"text-align: justify;\">\n<div dir=\"auto\"><strong>Presencia de Autoridades<\/strong><\/div>\n<div dir=\"auto\">Desde el pres\u00eddium, el evento fue engalanado por las autoridades municipales, quienes compartieron el j\u00fabilo de la ciudadan\u00eda:<\/div>\n<\/div>\n<div class=\"x14z9mp xat24cr x1lziwak x1vvkbs xtlvy1s x126k92a\" style=\"text-align: justify;\">\n<div dir=\"auto\">Rodrigo Ure\u00f1o Ba\u00f1uelos, Presidente Municipal.<\/div>\n<\/div>\n<div class=\"x14z9mp xat24cr x1lziwak x1vvkbs xtlvy1s x126k92a\" style=\"text-align: justify;\">\n<div dir=\"auto\">Estefana Casas, Presidenta Honor\u00edfica del DIF.<\/div>\n<\/div>\n<div class=\"x14z9mp xat24cr x1lziwak x1vvkbs xtlvy1s x126k92a\" style=\"text-align: justify;\">\n<div dir=\"auto\">Alberto del Real, Secretario del Comit\u00e9 de Feria.<\/div>\n<\/div>\n<div class=\"x14z9mp xat24cr x1lziwak x1vvkbs xtlvy1s x126k92a\" style=\"text-align: justify;\">\n<div dir=\"auto\">Los regidores V\u00edctor Mar\u00edn y Juan Garc\u00eda.<\/div>\n<\/div>\n<div class=\"x14z9mp xat24cr x1lziwak x1vvkbs xtlvy1s x126k92a\" style=\"text-align: justify;\">\n<div dir=\"auto\">M\u00fasica y Seguridad: Los Favoritos del P\u00fablico<\/div>\n<div dir=\"auto\">El ambiente musical estuvo a cargo de la emblem\u00e1tica Banda de M\u00fasica del Municipio, dirigida magistralmente por el maestro Mario Acebedo, cuyas notas pusieron el ritmo perfecto a la celebraci\u00f3n.<\/div>\n<div dir=\"auto\"><\/div>\n<\/div>\n<div class=\"x14z9mp xat24cr x1lziwak x1vvkbs xtlvy1s x126k92a\" style=\"text-align: justify;\">\n<div dir=\"auto\">Uno de los momentos m\u00e1s emotivos fue la participaci\u00f3n de las corporaciones de seguridad. Los rostros de los m\u00e1s peque\u00f1os se iluminaron de ilusi\u00f3n al saludar a los integrantes de la Guardia Nacional, la Polic\u00eda Estatal y el Cuerpo de Bomberos, quienes se sumaron a la fiesta gan\u00e1ndose los aplausos y el cari\u00f1o de las familias.<\/div>\n<\/div>\n<div class=\"x14z9mp xat24cr x1lziwak x1vvkbs xtlvy1s x126k92a\" style=\"text-align: justify;\">\n<div dir=\"auto\">&#8220;Este desfile no solo marca el inicio de nuestras festividades, sino que reafirma la unidad y la alegr\u00eda de nuestra gente.&#8221;<\/div>\n<div dir=\"auto\"><\/div>\n<\/div>\n<div class=\"x14z9mp xat24cr x1lziwak x1vvkbs xtlvy1s x126k92a\">\n<div dir=\"auto\" style=\"text-align: justify;\">Con este evento, Jerez demuestra una vez m\u00e1s por qu\u00e9 su feria es una de las m\u00e1s queridas y esperadas de todo el estado. \u00a1Que viva la Feria de Primavera 2026!<\/div>\n<\/div>\n","protected":false},"excerpt":{"rendered":"<p>Por: Antonio Rom\u00e1n JEREZ, ZACATECAS \u2013 El coraz\u00f3n del Pueblo M\u00e1gico vibr\u00f3 con intensidad este 5 de abril. Ante cientos<\/p>\n","protected":false},"author":5,"featured_media":30994,"comment_status":"closed","ping_status":"closed","sticky":false,"template":"","format":"standard","meta":{"footnotes":"","jetpack_publicize_message":"","jetpack_publicize_feature_enabled":true,"jetpack_social_post_already_shared":true,"jetpack_social_options":{"image_generator_settings":{"template":"highway","default_image_id":0,"font":"","enabled":false},"version":2}},"categories":[4,13],"tags":[134,111,162,23,214,74,22],"class_list":["post-30993","post","type-post","status-publish","format-standard","has-post-thumbnail","hentry","category-locales","category-noticias","tag-delincuencia","tag-feria-de-jerez","tag-inseguridad","tag-jerez","tag-jerezanos","tag-seguridad","tag-zacatecas"],"jetpack_publicize_connections":[],"_links":{"self":[{"href":"https:\/\/periodismoinformativo.com\/index.php?rest_route=\/wp\/v2\/posts\/30993","targetHints":{"allow":["GET"]}}],"collection":[{"href":"https:\/\/periodismoinformativo.com\/index.php?rest_route=\/wp\/v2\/posts"}],"about":[{"href":"https:\/\/periodismoinformativo.com\/index.php?rest_route=\/wp\/v2\/types\/post"}],"author":[{"embeddable":true,"href":"https:\/\/periodismoinformativo.com\/index.php?rest_route=\/wp\/v2\/users\/5"}],"replies":[{"embeddable":true,"href":"https:\/\/periodismoinformativo.com\/index.php?rest_route=%2Fwp%2Fv2%2Fcomments&post=30993"}],"version-history":[{"count":1,"href":"https:\/\/periodismoinformativo.com\/index.php?rest_route=\/wp\/v2\/posts\/30993\/revisions"}],"predecessor-version":[{"id":30995,"href":"https:\/\/periodismoinformativo.com\/index.php?rest_route=\/wp\/v2\/posts\/30993\/revisions\/30995"}],"wp:featuredmedia":[{"embeddable":true,"href":"https:\/\/periodismoinformativo.com\/index.php?rest_route=\/wp\/v2\/media\/30994"}],"wp:attachment":[{"href":"https:\/\/periodismoinformativo.com\/index.php?rest_route=%2Fwp%2Fv2%2Fmedia&parent=30993"}],"wp:term":[{"taxonomy":"category","embeddable":true,"href":"https:\/\/periodismoinformativo.com\/index.php?rest_route=%2Fwp%2Fv2%2Fcategories&post=30993"},{"taxonomy":"post_tag","embeddable":true,"href":"https:\/\/periodismoinformativo.com\/index.php?rest_route=%2Fwp%2Fv2%2Ftags&post=30993"}],"curies":[{"name":"wp","href":"https:\/\/api.w.org\/{rel}","templated":true}]}}