{"id":30996,"date":"2026-04-06T14:21:58","date_gmt":"2026-04-06T20:21:58","guid":{"rendered":"https:\/\/periodismoinformativo.com\/?p=30996"},"modified":"2026-04-06T14:21:58","modified_gmt":"2026-04-06T20:21:58","slug":"preservan-tradicional-desfile-de-la-feria-de-la-primavera-de-jerez-2026-2","status":"publish","type":"post","link":"https:\/\/periodismoinformativo.com\/?p=30996","title":{"rendered":"PRESERVAN TRADICIONAL DESFILE DE LA FERIA DE LA PRIMAVERA DE JEREZ  2026"},"content":{"rendered":"<div class=\"x14z9mp xat24cr x1lziwak x1vvkbs xtlvy1s x126k92a\">\n<div dir=\"auto\" style=\"text-align: justify;\">Encanto y tradici\u00f3n se vivi\u00f3 este domingo en el tradicional desfile de la Feria de la Primavera de Jerez 2026, evento que congreg\u00f3 a cientos de personas que se dieron cita en las principales calles de la ciudad para presenciar uno de los eventos de mayor arraigo dentro del programa ferial que se ofrece a las y los ciudadanos.<\/div>\n<div dir=\"auto\" style=\"text-align: justify;\"><\/div>\n<\/div>\n<div class=\"x14z9mp xat24cr x1lziwak x1vvkbs xtlvy1s x126k92a\" style=\"text-align: justify;\">\n<div dir=\"auto\">En el desfile destac\u00f3 la participaci\u00f3n de la corte real encabezada por Ariadna I en compa\u00f1\u00eda de sus princesas Aranza y Andrea; este contingente reuni\u00f3 la belleza local y de distintos puntos del Estado de Zacatecas que participaron, tambi\u00e9n destac\u00f3 la cultura y las tradiciones jerezanas, tal es el caso del ballet Tepochcali, la banda de m\u00fasica municipal; cabalgantes charros, bandas, tamborazos, carros aleg\u00f3ricos y corporaciones de seguridad p\u00fablica federal, estatal y municipal.<\/div>\n<div dir=\"auto\"><\/div>\n<\/div>\n<div class=\"x14z9mp xat24cr x1lziwak x1vvkbs xtlvy1s x126k92a\">\n<div dir=\"auto\" style=\"text-align: justify;\">El evento estuvo encabezado por el presidente Rodrigo Ure\u00f1o Ba\u00f1uelos, acompa\u00f1ado de su esposa Estefana Casas Gonz\u00e1lez, Presidenta Honorifica del DIF Municipal; as\u00ed como de sus hijos e hijas; quien destac\u00f3 que la feria reci\u00e9n comienza y que a\u00fan hay muchos eventos destacados para que la gente los disfrute y conciertos en la explanada del teatro del pueblo para que todos vayan a divertirse.<\/div>\n<\/div>\n","protected":false},"excerpt":{"rendered":"<p>Encanto y tradici\u00f3n se vivi\u00f3 este domingo en el tradicional desfile de la Feria de la Primavera de Jerez 2026,<\/p>\n","protected":false},"author":5,"featured_media":30997,"comment_status":"closed","ping_status":"closed","sticky":false,"template":"","format":"standard","meta":{"footnotes":"","jetpack_publicize_message":"","jetpack_publicize_feature_enabled":true,"jetpack_social_post_already_shared":true,"jetpack_social_options":{"image_generator_settings":{"template":"highway","default_image_id":0,"font":"","enabled":false},"version":2}},"categories":[4,13],"tags":[134,111,162,23,214,74,22],"class_list":["post-30996","post","type-post","status-publish","format-standard","has-post-thumbnail","hentry","category-locales","category-noticias","tag-delincuencia","tag-feria-de-jerez","tag-inseguridad","tag-jerez","tag-jerezanos","tag-seguridad","tag-zacatecas"],"jetpack_publicize_connections":[],"_links":{"self":[{"href":"https:\/\/periodismoinformativo.com\/index.php?rest_route=\/wp\/v2\/posts\/30996","targetHints":{"allow":["GET"]}}],"collection":[{"href":"https:\/\/periodismoinformativo.com\/index.php?rest_route=\/wp\/v2\/posts"}],"about":[{"href":"https:\/\/periodismoinformativo.com\/index.php?rest_route=\/wp\/v2\/types\/post"}],"author":[{"embeddable":true,"href":"https:\/\/periodismoinformativo.com\/index.php?rest_route=\/wp\/v2\/users\/5"}],"replies":[{"embeddable":true,"href":"https:\/\/periodismoinformativo.com\/index.php?rest_route=%2Fwp%2Fv2%2Fcomments&post=30996"}],"version-history":[{"count":1,"href":"https:\/\/periodismoinformativo.com\/index.php?rest_route=\/wp\/v2\/posts\/30996\/revisions"}],"predecessor-version":[{"id":30998,"href":"https:\/\/periodismoinformativo.com\/index.php?rest_route=\/wp\/v2\/posts\/30996\/revisions\/30998"}],"wp:featuredmedia":[{"embeddable":true,"href":"https:\/\/periodismoinformativo.com\/index.php?rest_route=\/wp\/v2\/media\/30997"}],"wp:attachment":[{"href":"https:\/\/periodismoinformativo.com\/index.php?rest_route=%2Fwp%2Fv2%2Fmedia&parent=30996"}],"wp:term":[{"taxonomy":"category","embeddable":true,"href":"https:\/\/periodismoinformativo.com\/index.php?rest_route=%2Fwp%2Fv2%2Fcategories&post=30996"},{"taxonomy":"post_tag","embeddable":true,"href":"https:\/\/periodismoinformativo.com\/index.php?rest_route=%2Fwp%2Fv2%2Ftags&post=30996"}],"curies":[{"name":"wp","href":"https:\/\/api.w.org\/{rel}","templated":true}]}}