{"id":30999,"date":"2026-04-06T14:50:16","date_gmt":"2026-04-06T20:50:16","guid":{"rendered":"https:\/\/periodismoinformativo.com\/?p=30999"},"modified":"2026-04-06T14:50:16","modified_gmt":"2026-04-06T20:50:16","slug":"inauguran-la-exposicion-ganadera-en-jerez","status":"publish","type":"post","link":"https:\/\/periodismoinformativo.com\/?p=30999","title":{"rendered":"Inauguran la Exposici\u00f3n Ganadera en Jerez"},"content":{"rendered":"<div class=\"x14z9mp xat24cr x1lziwak x1vvkbs xtlvy1s x126k92a\">\n<div dir=\"auto\" style=\"text-align: justify;\"><strong>Por: Antonio Rom\u00e1n<\/strong><\/div>\n<div dir=\"auto\" style=\"text-align: justify;\"><\/div>\n<div dir=\"auto\" style=\"text-align: justify;\">Jerez, Zacatecas 5 de abril; Con el objetivo de fortalecer la identidad agr\u00edcola de la regi\u00f3n y promover el intercambio de gen\u00e9tica de alta calidad, se llev\u00f3 a cabo la inauguraci\u00f3n de la Exposici\u00f3n Ganadera como parte de las festividades de la Feria de la Primavera 2026.<\/div>\n<div dir=\"auto\" style=\"text-align: justify;\"><\/div>\n<\/div>\n<div class=\"x14z9mp xat24cr x1lziwak x1vvkbs xtlvy1s x126k92a\" style=\"text-align: justify;\">\n<div dir=\"auto\">El evento cont\u00f3 con la participaci\u00f3n de diversas personalidades, entre ellas el presidente Municipal de Jerez, Rodrigo Ure\u00f1o Ba\u00f1uelos, quien destac\u00f3 la importancia de este sector para la econom\u00eda local.<\/div>\n<\/div>\n<div class=\"x14z9mp xat24cr x1lziwak x1vvkbs xtlvy1s x126k92a\" style=\"text-align: justify;\">\n<div dir=\"auto\">Gemini ha dicho<\/div>\n<div dir=\"auto\"><\/div>\n<div dir=\"auto\">Inauguran la Exposici\u00f3n Ganadera en Jerez: Un Hito para la Producci\u00f3n Regional<\/div>\n<div dir=\"auto\">Con el objetivo de fortalecer la identidad agr\u00edcola de la regi\u00f3n y promover el intercambio de gen\u00e9tica de alta calidad, se llev\u00f3 a cabo la inauguraci\u00f3n de la Exposici\u00f3n Ganadera como parte de las festividades de la Feria de la Primavera 2026.<\/div>\n<div dir=\"auto\"><\/div>\n<\/div>\n<div class=\"x14z9mp xat24cr x1lziwak x1vvkbs xtlvy1s x126k92a\" style=\"text-align: justify;\">\n<div dir=\"auto\">El evento cont\u00f3 con la participaci\u00f3n de diversas personalidades, entre ellas el presidente Municipal de Jerez, Rodrigo Ure\u00f1o Ba\u00f1uelos, quien destac\u00f3 la importancia de este sector para la econom\u00eda local.<\/div>\n<div dir=\"auto\"><\/div>\n<\/div>\n<div class=\"x14z9mp xat24cr x1lziwak x1vvkbs xtlvy1s x126k92a\" style=\"text-align: justify;\">\n<div dir=\"auto\">Durante su intervenci\u00f3n, el alcalde Rodrigo Ure\u00f1o enfatiz\u00f3 que la exposici\u00f3n es un esfuerzo conjunto para mejorar la rentabilidad y calidad del campo; Agradeci\u00f3 a los ganaderos por su compromiso, se\u00f1alando que sin su participaci\u00f3n eventos de esta magnitud no ser\u00edan posibles.<\/div>\n<div dir=\"auto\"><\/div>\n<\/div>\n<div class=\"x14z9mp xat24cr x1lziwak x1vvkbs xtlvy1s x126k92a\" style=\"text-align: justify;\">\n<div dir=\"auto\">Subray\u00f3 la necesidad de renovar la gen\u00e9tica del ganado para enfrentar los desaf\u00edos actuales, afirmando que el ganado fino rinde mejores resultados con menor inversi\u00f3n a largo plazo en comparaci\u00f3n con el ganado corriente.<\/div>\n<\/div>\n<div class=\"x14z9mp xat24cr x1lziwak x1vvkbs xtlvy1s x126k92a\" style=\"text-align: justify;\">\n<div dir=\"auto\">Reiter\u00f3 que el municipio siempre tendr\u00e1 las puertas abiertas para los productores de los 7 municipios vecinos y las 15 casas comerciales participantes.<\/div>\n<div dir=\"auto\"><\/div>\n<\/div>\n<div class=\"x14z9mp xat24cr x1lziwak x1vvkbs xtlvy1s x126k92a\" style=\"text-align: justify;\">\n<div dir=\"auto\">Rolando Ruiz V\u00e1zquez, Jefe del Departamento de Desarrollo Agropecuario y Forestal, ofreci\u00f3 un panorama t\u00e9cnico de la muestra, Se cuenta con la presencia de 18 ganaderos provenientes de municipios como R\u00edo Grande, Tepetitl\u00e1n y el propio Jerez. Participan 15 casas comerciales, incluyendo expositores de tractores, forrajeras y servicios agroqu\u00edmicos. Para los asistentes m\u00e1s peque\u00f1os, se instal\u00f3 una granja interactiva y una exposici\u00f3n de ponis.<\/div>\n<div dir=\"auto\"><\/div>\n<\/div>\n<div class=\"x14z9mp xat24cr x1lziwak x1vvkbs xtlvy1s x126k92a\">\n<div dir=\"auto\" style=\"text-align: justify;\">La ceremonia concluy\u00f3 con el tradicional corte de soga, dando paso a un recorrido de las autoridades por los stands para convivir con los productores y conocer los ejemplares en exhibici\u00f3n.<\/div>\n<\/div>\n","protected":false},"excerpt":{"rendered":"<p>Por: Antonio Rom\u00e1n Jerez, Zacatecas 5 de abril; Con el objetivo de fortalecer la identidad agr\u00edcola de la regi\u00f3n y<\/p>\n","protected":false},"author":5,"featured_media":31000,"comment_status":"closed","ping_status":"closed","sticky":false,"template":"","format":"standard","meta":{"footnotes":"","jetpack_publicize_message":"","jetpack_publicize_feature_enabled":true,"jetpack_social_post_already_shared":true,"jetpack_social_options":{"image_generator_settings":{"template":"highway","default_image_id":0,"font":"","enabled":false},"version":2}},"categories":[4,13],"tags":[134,111,162,23,214,74,22],"class_list":["post-30999","post","type-post","status-publish","format-standard","has-post-thumbnail","hentry","category-locales","category-noticias","tag-delincuencia","tag-feria-de-jerez","tag-inseguridad","tag-jerez","tag-jerezanos","tag-seguridad","tag-zacatecas"],"jetpack_publicize_connections":[],"_links":{"self":[{"href":"https:\/\/periodismoinformativo.com\/index.php?rest_route=\/wp\/v2\/posts\/30999","targetHints":{"allow":["GET"]}}],"collection":[{"href":"https:\/\/periodismoinformativo.com\/index.php?rest_route=\/wp\/v2\/posts"}],"about":[{"href":"https:\/\/periodismoinformativo.com\/index.php?rest_route=\/wp\/v2\/types\/post"}],"author":[{"embeddable":true,"href":"https:\/\/periodismoinformativo.com\/index.php?rest_route=\/wp\/v2\/users\/5"}],"replies":[{"embeddable":true,"href":"https:\/\/periodismoinformativo.com\/index.php?rest_route=%2Fwp%2Fv2%2Fcomments&post=30999"}],"version-history":[{"count":1,"href":"https:\/\/periodismoinformativo.com\/index.php?rest_route=\/wp\/v2\/posts\/30999\/revisions"}],"predecessor-version":[{"id":31001,"href":"https:\/\/periodismoinformativo.com\/index.php?rest_route=\/wp\/v2\/posts\/30999\/revisions\/31001"}],"wp:featuredmedia":[{"embeddable":true,"href":"https:\/\/periodismoinformativo.com\/index.php?rest_route=\/wp\/v2\/media\/31000"}],"wp:attachment":[{"href":"https:\/\/periodismoinformativo.com\/index.php?rest_route=%2Fwp%2Fv2%2Fmedia&parent=30999"}],"wp:term":[{"taxonomy":"category","embeddable":true,"href":"https:\/\/periodismoinformativo.com\/index.php?rest_route=%2Fwp%2Fv2%2Fcategories&post=30999"},{"taxonomy":"post_tag","embeddable":true,"href":"https:\/\/periodismoinformativo.com\/index.php?rest_route=%2Fwp%2Fv2%2Ftags&post=30999"}],"curies":[{"name":"wp","href":"https:\/\/api.w.org\/{rel}","templated":true}]}}