{"id":31002,"date":"2026-04-06T14:51:30","date_gmt":"2026-04-06T20:51:30","guid":{"rendered":"https:\/\/periodismoinformativo.com\/?p=31002"},"modified":"2026-04-06T14:51:30","modified_gmt":"2026-04-06T20:51:30","slug":"rodrigo-ureno-inaugura-la-expo-ganadera-jerez-2026","status":"publish","type":"post","link":"https:\/\/periodismoinformativo.com\/?p=31002","title":{"rendered":"*RODRIGO URE\u00d1O INAUGURA LA EXPO GANADERA JEREZ 2026*"},"content":{"rendered":"<div dir=\"auto\" style=\"text-align: justify;\">Jerez, Zacatecas.\u2013 El presidente municipal, Rodrigo Ure\u00f1o, encabez\u00f3 la inauguraci\u00f3n de la Expo Ganadera 2026, uno de los espacios m\u00e1s representativos de la Feria de la Primavera Jerez 2026, que este a\u00f1o destaca por la calidad de sus ejemplares y la participaci\u00f3n de productores de toda la regi\u00f3n.<\/div>\n<div dir=\"auto\" style=\"text-align: justify;\"><\/div>\n<div dir=\"auto\" style=\"text-align: justify;\">En esta edici\u00f3n, la expo re\u00fane ganado bovino de razas puras como Angus rojo y negro, Simmental, Hereford y Charolais, provenientes de distintos municipios del estado. Asimismo, se cuenta con la participaci\u00f3n de ejemplares ovinos de las razas Dorper y Katahdin, as\u00ed como una exhibici\u00f3n de ocho caballos de registro.<\/div>\n<div dir=\"auto\" style=\"text-align: justify;\"><\/div>\n<div dir=\"auto\" style=\"text-align: justify;\">Durante su mensaje, el alcalde reconoci\u00f3 la labor de los ganaderos y agradeci\u00f3 su compromiso por mantener vivas las actividades del campo, destacando que estas representan la base de la econom\u00eda.<\/div>\n<div dir=\"auto\" style=\"text-align: justify;\"><\/div>\n<div dir=\"auto\" style=\"text-align: justify;\">Por su parte, Rolando Ruiz V\u00e1zquez, titular del Departamento Agropecuario y responsable de la organizaci\u00f3n, inform\u00f3 que participan 18 expositores provenientes de municipios como R\u00edo Grande, Sombrerete, Fresnillo, Monte Escobedo, Tepetongo, Tepechitl\u00e1n, Sain Alto, Momax, Tlaltenango, Guadalupe, Valpara\u00edso y Jerez.<\/div>\n<div dir=\"auto\" style=\"text-align: justify;\"><\/div>\n<div dir=\"auto\" style=\"text-align: justify;\">Adem\u00e1s, se cuenta con la presencia de 13 casas comerciales, de las cuales seis est\u00e1n dedicadas a la venta de tractores y maquinaria agr\u00edcola, mientras que el resto ofrece productos forrajeros y agroqu\u00edmicos.<\/div>\n<div dir=\"auto\" style=\"text-align: justify;\"><\/div>\n<div dir=\"auto\" style=\"text-align: justify;\">Como parte de las atracciones para toda la familia, tambi\u00e9n se inauguraron espacios como \u201cMi Granjita\u201d interactiva y la exposici\u00f3n de ponys, pensados especialmente para el disfrute de ni\u00f1as y ni\u00f1os.<\/div>\n<div dir=\"auto\" style=\"text-align: justify;\"><\/div>\n<div dir=\"auto\" style=\"text-align: justify;\">La Expo Ganadera 2026 reafirma su importancia como un punto de encuentro para productores, comerciantes y familias, consolid\u00e1ndose como una de las principales actividades dentro del programa ferial.<\/div>\n","protected":false},"excerpt":{"rendered":"<p>Jerez, Zacatecas.\u2013 El presidente municipal, Rodrigo Ure\u00f1o, encabez\u00f3 la inauguraci\u00f3n de la Expo Ganadera 2026, uno de los espacios m\u00e1s<\/p>\n","protected":false},"author":5,"featured_media":31003,"comment_status":"closed","ping_status":"closed","sticky":false,"template":"","format":"standard","meta":{"footnotes":"","jetpack_publicize_message":"","jetpack_publicize_feature_enabled":true,"jetpack_social_post_already_shared":true,"jetpack_social_options":{"image_generator_settings":{"template":"highway","default_image_id":0,"font":"","enabled":false},"version":2}},"categories":[4,13],"tags":[134,111,162,23,214,74,22],"class_list":["post-31002","post","type-post","status-publish","format-standard","has-post-thumbnail","hentry","category-locales","category-noticias","tag-delincuencia","tag-feria-de-jerez","tag-inseguridad","tag-jerez","tag-jerezanos","tag-seguridad","tag-zacatecas"],"jetpack_publicize_connections":[],"_links":{"self":[{"href":"https:\/\/periodismoinformativo.com\/index.php?rest_route=\/wp\/v2\/posts\/31002","targetHints":{"allow":["GET"]}}],"collection":[{"href":"https:\/\/periodismoinformativo.com\/index.php?rest_route=\/wp\/v2\/posts"}],"about":[{"href":"https:\/\/periodismoinformativo.com\/index.php?rest_route=\/wp\/v2\/types\/post"}],"author":[{"embeddable":true,"href":"https:\/\/periodismoinformativo.com\/index.php?rest_route=\/wp\/v2\/users\/5"}],"replies":[{"embeddable":true,"href":"https:\/\/periodismoinformativo.com\/index.php?rest_route=%2Fwp%2Fv2%2Fcomments&post=31002"}],"version-history":[{"count":1,"href":"https:\/\/periodismoinformativo.com\/index.php?rest_route=\/wp\/v2\/posts\/31002\/revisions"}],"predecessor-version":[{"id":31004,"href":"https:\/\/periodismoinformativo.com\/index.php?rest_route=\/wp\/v2\/posts\/31002\/revisions\/31004"}],"wp:featuredmedia":[{"embeddable":true,"href":"https:\/\/periodismoinformativo.com\/index.php?rest_route=\/wp\/v2\/media\/31003"}],"wp:attachment":[{"href":"https:\/\/periodismoinformativo.com\/index.php?rest_route=%2Fwp%2Fv2%2Fmedia&parent=31002"}],"wp:term":[{"taxonomy":"category","embeddable":true,"href":"https:\/\/periodismoinformativo.com\/index.php?rest_route=%2Fwp%2Fv2%2Fcategories&post=31002"},{"taxonomy":"post_tag","embeddable":true,"href":"https:\/\/periodismoinformativo.com\/index.php?rest_route=%2Fwp%2Fv2%2Ftags&post=31002"}],"curies":[{"name":"wp","href":"https:\/\/api.w.org\/{rel}","templated":true}]}}