{"id":31005,"date":"2026-04-06T14:53:39","date_gmt":"2026-04-06T20:53:39","guid":{"rendered":"https:\/\/periodismoinformativo.com\/?p=31005"},"modified":"2026-04-06T14:53:39","modified_gmt":"2026-04-06T20:53:39","slug":"exitosa-primera-corrida-de-feria-de-la-primavera-2026-el-chihuahua-triunfador","status":"publish","type":"post","link":"https:\/\/periodismoinformativo.com\/?p=31005","title":{"rendered":"EXITOSA PRIMERA CORRIDA DE FERIA DE LA PRIMAVERA 2026, &#8220;EL CHIHUAHUA&#8221; TRIUNFADOR"},"content":{"rendered":"<div dir=\"auto\" style=\"text-align: justify;\">Antonio Garc\u00eda \u201cEl Chihuahua\u201d se apunt\u00f3 un nuevo triunfo y sum\u00f3 otra salida a hombros en la Plaza de Toros La Jerezana, al resultar triunfador en la primera corrida de feria.Fue una buena tarde de toros, a pesar de la intensa lluvia que se dej\u00f3 sentir durante la lidia del quinto y sexto en el orden.<\/div>\n<div dir=\"auto\" style=\"text-align: justify;\"><\/div>\n<div dir=\"auto\" style=\"text-align: justify;\">\u201cEl Chihuahua\u201d le cort\u00f3 las dos ap\u00e9ndices al primero de su lote. \u00c1ngel Espinoza \u201cPlaterito\u201d y el rejoneador Fauro Aloi obtuvieron una oreja cada uno.<\/div>\n<div dir=\"auto\" style=\"text-align: justify;\"><\/div>\n<div dir=\"auto\" style=\"text-align: justify;\">El presidente municipal, Rodrigo Ure\u00f1o Ba\u00f1uelos, estuvo atento al desarrollo de la corrida desde una barrera y fue objeto de brindis por los toreros de a pie.<\/div>\n<div dir=\"auto\" style=\"text-align: justify;\"><\/div>\n<div dir=\"auto\" style=\"text-align: justify;\">Los Forcados Potosinos concretaron las dos pegas que tuvieron oportunidad de realizar.<\/div>\n","protected":false},"excerpt":{"rendered":"<p>Antonio Garc\u00eda \u201cEl Chihuahua\u201d se apunt\u00f3 un nuevo triunfo y sum\u00f3 otra salida a hombros en la Plaza de Toros<\/p>\n","protected":false},"author":5,"featured_media":31006,"comment_status":"closed","ping_status":"closed","sticky":false,"template":"","format":"standard","meta":{"footnotes":"","jetpack_publicize_message":"","jetpack_publicize_feature_enabled":true,"jetpack_social_post_already_shared":true,"jetpack_social_options":{"image_generator_settings":{"template":"highway","default_image_id":0,"font":"","enabled":false},"version":2}},"categories":[4,13],"tags":[134,111,162,23,214,74,22],"class_list":["post-31005","post","type-post","status-publish","format-standard","has-post-thumbnail","hentry","category-locales","category-noticias","tag-delincuencia","tag-feria-de-jerez","tag-inseguridad","tag-jerez","tag-jerezanos","tag-seguridad","tag-zacatecas"],"jetpack_publicize_connections":[],"_links":{"self":[{"href":"https:\/\/periodismoinformativo.com\/index.php?rest_route=\/wp\/v2\/posts\/31005","targetHints":{"allow":["GET"]}}],"collection":[{"href":"https:\/\/periodismoinformativo.com\/index.php?rest_route=\/wp\/v2\/posts"}],"about":[{"href":"https:\/\/periodismoinformativo.com\/index.php?rest_route=\/wp\/v2\/types\/post"}],"author":[{"embeddable":true,"href":"https:\/\/periodismoinformativo.com\/index.php?rest_route=\/wp\/v2\/users\/5"}],"replies":[{"embeddable":true,"href":"https:\/\/periodismoinformativo.com\/index.php?rest_route=%2Fwp%2Fv2%2Fcomments&post=31005"}],"version-history":[{"count":1,"href":"https:\/\/periodismoinformativo.com\/index.php?rest_route=\/wp\/v2\/posts\/31005\/revisions"}],"predecessor-version":[{"id":31007,"href":"https:\/\/periodismoinformativo.com\/index.php?rest_route=\/wp\/v2\/posts\/31005\/revisions\/31007"}],"wp:featuredmedia":[{"embeddable":true,"href":"https:\/\/periodismoinformativo.com\/index.php?rest_route=\/wp\/v2\/media\/31006"}],"wp:attachment":[{"href":"https:\/\/periodismoinformativo.com\/index.php?rest_route=%2Fwp%2Fv2%2Fmedia&parent=31005"}],"wp:term":[{"taxonomy":"category","embeddable":true,"href":"https:\/\/periodismoinformativo.com\/index.php?rest_route=%2Fwp%2Fv2%2Fcategories&post=31005"},{"taxonomy":"post_tag","embeddable":true,"href":"https:\/\/periodismoinformativo.com\/index.php?rest_route=%2Fwp%2Fv2%2Ftags&post=31005"}],"curies":[{"name":"wp","href":"https:\/\/api.w.org\/{rel}","templated":true}]}}