{"id":31011,"date":"2026-04-06T14:58:39","date_gmt":"2026-04-06T20:58:39","guid":{"rendered":"https:\/\/periodismoinformativo.com\/?p=31011"},"modified":"2026-04-06T14:58:39","modified_gmt":"2026-04-06T20:58:39","slug":"la-arrolladora-en-la-explanada-de-la-feria-de-la-primavera-2026","status":"publish","type":"post","link":"https:\/\/periodismoinformativo.com\/?p=31011","title":{"rendered":"LA ARROLLADORA EN LA EXPLANADA DE LA FERIA DE LA PRIMAVERA 2026"},"content":{"rendered":"<div dir=\"auto\" style=\"text-align: justify;\">Con un espect\u00e1culo que encendi\u00f3 los \u00e1nimos del p\u00fablico, se present\u00f3 La Arrolladora Banda El Lim\u00f3n de Ren\u00e9 Camacho en la explanada de la Feria de la Primavera, logrando una noche inolvidable para los asistentes.<\/div>\n<div dir=\"auto\" style=\"text-align: justify;\"><\/div>\n<div dir=\"auto\" style=\"text-align: justify;\">La agrupaci\u00f3n abri\u00f3 su participaci\u00f3n con La Suata, seguida de \u00e9xitos como Y Que Quede Claro, Confesi\u00f3n y una larga lista de temas que los han consolidado como una de las bandas m\u00e1s queridas del regional mexicano. Adem\u00e1s, interpretaron sus canciones m\u00e1s recientes, demostrando por qu\u00e9 se mantienen vigentes en el gusto del p\u00fablico.<\/div>\n<div dir=\"auto\" style=\"text-align: justify;\"><\/div>\n<div dir=\"auto\" style=\"text-align: justify;\">Vocalistas, m\u00fasicos y su director, Ren\u00e9 Camacho, conectaron con miles de asistentes que corearon cada tema en una velada llena de energ\u00eda y emoci\u00f3n.<\/div>\n<div dir=\"auto\" style=\"text-align: justify;\"><\/div>\n<div dir=\"auto\" style=\"text-align: justify;\">El Presidente Municipal, Rodrigo Ure\u00f1o, entreg\u00f3 un reconocimiento a los artistas, agradeciendo su destacada participaci\u00f3n en esta gran fiesta.<\/div>\n<div dir=\"auto\" style=\"text-align: justify;\"><\/div>\n<div dir=\"auto\" style=\"text-align: justify;\">La noche inici\u00f3 con el talento de los grupos Porte de Villa y Banda La Eficaz, quienes calentaron el ambiente previo al esperado concierto estelar.<\/div>\n","protected":false},"excerpt":{"rendered":"<p>Con un espect\u00e1culo que encendi\u00f3 los \u00e1nimos del p\u00fablico, se present\u00f3 La Arrolladora Banda El Lim\u00f3n de Ren\u00e9 Camacho en<\/p>\n","protected":false},"author":5,"featured_media":31012,"comment_status":"closed","ping_status":"closed","sticky":false,"template":"","format":"standard","meta":{"footnotes":"","jetpack_publicize_message":"","jetpack_publicize_feature_enabled":true,"jetpack_social_post_already_shared":true,"jetpack_social_options":{"image_generator_settings":{"template":"highway","default_image_id":0,"font":"","enabled":false},"version":2}},"categories":[4,13],"tags":[134,111,162,23,214,74,22],"class_list":["post-31011","post","type-post","status-publish","format-standard","has-post-thumbnail","hentry","category-locales","category-noticias","tag-delincuencia","tag-feria-de-jerez","tag-inseguridad","tag-jerez","tag-jerezanos","tag-seguridad","tag-zacatecas"],"jetpack_publicize_connections":[],"_links":{"self":[{"href":"https:\/\/periodismoinformativo.com\/index.php?rest_route=\/wp\/v2\/posts\/31011","targetHints":{"allow":["GET"]}}],"collection":[{"href":"https:\/\/periodismoinformativo.com\/index.php?rest_route=\/wp\/v2\/posts"}],"about":[{"href":"https:\/\/periodismoinformativo.com\/index.php?rest_route=\/wp\/v2\/types\/post"}],"author":[{"embeddable":true,"href":"https:\/\/periodismoinformativo.com\/index.php?rest_route=\/wp\/v2\/users\/5"}],"replies":[{"embeddable":true,"href":"https:\/\/periodismoinformativo.com\/index.php?rest_route=%2Fwp%2Fv2%2Fcomments&post=31011"}],"version-history":[{"count":1,"href":"https:\/\/periodismoinformativo.com\/index.php?rest_route=\/wp\/v2\/posts\/31011\/revisions"}],"predecessor-version":[{"id":31013,"href":"https:\/\/periodismoinformativo.com\/index.php?rest_route=\/wp\/v2\/posts\/31011\/revisions\/31013"}],"wp:featuredmedia":[{"embeddable":true,"href":"https:\/\/periodismoinformativo.com\/index.php?rest_route=\/wp\/v2\/media\/31012"}],"wp:attachment":[{"href":"https:\/\/periodismoinformativo.com\/index.php?rest_route=%2Fwp%2Fv2%2Fmedia&parent=31011"}],"wp:term":[{"taxonomy":"category","embeddable":true,"href":"https:\/\/periodismoinformativo.com\/index.php?rest_route=%2Fwp%2Fv2%2Fcategories&post=31011"},{"taxonomy":"post_tag","embeddable":true,"href":"https:\/\/periodismoinformativo.com\/index.php?rest_route=%2Fwp%2Fv2%2Ftags&post=31011"}],"curies":[{"name":"wp","href":"https:\/\/api.w.org\/{rel}","templated":true}]}}