{"id":31014,"date":"2026-04-07T10:04:45","date_gmt":"2026-04-07T16:04:45","guid":{"rendered":"https:\/\/periodismoinformativo.com\/?p=31014"},"modified":"2026-04-07T10:04:45","modified_gmt":"2026-04-07T16:04:45","slug":"jerez-vibra-con-hexagonal-de-basquetbol-femenil-de-feria","status":"publish","type":"post","link":"https:\/\/periodismoinformativo.com\/?p=31014","title":{"rendered":"JEREZ VIBRA CON HEXAGONAL DE BASQUETBOL FEMENIL DE FERIA"},"content":{"rendered":"<p>La duela del auditorio Genaro Borrego Estrada vibr\u00f3 con el hexagonal de basquetbol de 1ra fuerza categor\u00eda femenil que cont\u00f3 con la participaci\u00f3n de equipos de Fresnillo, Guadalupe, Jerez y Zacatecas, actividad enmarcada en los festejos de la Feria de la Primavera Jerez 2026.<\/p>\n<p>El presidente Rodrigo Ure\u00f1o Ba\u00f1uelos encabez\u00f3 la ceremonia de premiaci\u00f3n, ah\u00ed reconoci\u00f3 el esfuerzo de las atletas que dan su m\u00e1ximo en el deporte r\u00e1faga, y agradeci\u00f3 a los equipos Titanes de Jerez, Titanes de Guadalupe, Mambas de Jerez, Ibiza Lounge de Zacatecas, Mineras de Fresnillo y Lobas de Fresnillo por su participaci\u00f3n.<\/p>\n<p>La gran final se disput\u00f3 entre los equipos de Ibiza Lounge de Zacatecas en contra de Lobas de Fresnillo, un partido movido y disputado donde las Lobas sacaron el resultado para proclamarse campeonas de la competencia ferial con marcador de 50 a 34.<\/p>\n<p>El formato de la competici\u00f3n fue emocionante de principio a fin de los juegos, debido a que permit\u00eda que jugaran todas contra todas; se dividi\u00f3 en dos grupos de los cuales pasaron a las semifinales las dos mejores de cada uno.<\/p>\n<p>Con este tipo de competencias deportivas queda de manifiesto el compromiso del presidente Rodrigo Ure\u00f1o en el fomento del deporte y la competitividad, al alcalde le acompa\u00f1aron en el evento el Regidor Juan Garc\u00eda, el director de SIMAPAJ Jes\u00fas Casta\u00f1eda de Haro y el Coordinador del Deporte Alejandro Dorado.<\/p>\n","protected":false},"excerpt":{"rendered":"<p>La duela del auditorio Genaro Borrego Estrada vibr\u00f3 con el hexagonal de basquetbol de 1ra fuerza categor\u00eda femenil que cont\u00f3<\/p>\n","protected":false},"author":5,"featured_media":31015,"comment_status":"closed","ping_status":"closed","sticky":false,"template":"","format":"standard","meta":{"footnotes":"","jetpack_publicize_message":"","jetpack_publicize_feature_enabled":true,"jetpack_social_post_already_shared":true,"jetpack_social_options":{"image_generator_settings":{"template":"highway","default_image_id":0,"font":"","enabled":false},"version":2}},"categories":[8],"tags":[],"class_list":["post-31014","post","type-post","status-publish","format-standard","has-post-thumbnail","hentry","category-ayuntamiento"],"jetpack_publicize_connections":[],"_links":{"self":[{"href":"https:\/\/periodismoinformativo.com\/index.php?rest_route=\/wp\/v2\/posts\/31014","targetHints":{"allow":["GET"]}}],"collection":[{"href":"https:\/\/periodismoinformativo.com\/index.php?rest_route=\/wp\/v2\/posts"}],"about":[{"href":"https:\/\/periodismoinformativo.com\/index.php?rest_route=\/wp\/v2\/types\/post"}],"author":[{"embeddable":true,"href":"https:\/\/periodismoinformativo.com\/index.php?rest_route=\/wp\/v2\/users\/5"}],"replies":[{"embeddable":true,"href":"https:\/\/periodismoinformativo.com\/index.php?rest_route=%2Fwp%2Fv2%2Fcomments&post=31014"}],"version-history":[{"count":1,"href":"https:\/\/periodismoinformativo.com\/index.php?rest_route=\/wp\/v2\/posts\/31014\/revisions"}],"predecessor-version":[{"id":31016,"href":"https:\/\/periodismoinformativo.com\/index.php?rest_route=\/wp\/v2\/posts\/31014\/revisions\/31016"}],"wp:featuredmedia":[{"embeddable":true,"href":"https:\/\/periodismoinformativo.com\/index.php?rest_route=\/wp\/v2\/media\/31015"}],"wp:attachment":[{"href":"https:\/\/periodismoinformativo.com\/index.php?rest_route=%2Fwp%2Fv2%2Fmedia&parent=31014"}],"wp:term":[{"taxonomy":"category","embeddable":true,"href":"https:\/\/periodismoinformativo.com\/index.php?rest_route=%2Fwp%2Fv2%2Fcategories&post=31014"},{"taxonomy":"post_tag","embeddable":true,"href":"https:\/\/periodismoinformativo.com\/index.php?rest_route=%2Fwp%2Fv2%2Ftags&post=31014"}],"curies":[{"name":"wp","href":"https:\/\/api.w.org\/{rel}","templated":true}]}}