{"id":31018,"date":"2026-04-08T13:20:38","date_gmt":"2026-04-08T19:20:38","guid":{"rendered":"https:\/\/periodismoinformativo.com\/?p=31018"},"modified":"2026-04-08T13:20:38","modified_gmt":"2026-04-08T19:20:38","slug":"cada-quien-sus-cuates-la-pasarela-politica","status":"publish","type":"post","link":"https:\/\/periodismoinformativo.com\/?p=31018","title":{"rendered":"Cada Quien sus Cuates (La Pasarela Pol\u00edtica&#8230;)"},"content":{"rendered":"<div class=\"xdj266r x14z9mp xat24cr x1lziwak x1vvkbs x126k92a\">\n<div dir=\"auto\" style=\"text-align: justify;\"><em><strong><span style=\"font-size: 8pt;\">Por: Antonio Rom\u00e1n<\/span><\/strong><\/em><\/div>\n<\/div>\n<div class=\"x14z9mp xat24cr x1lziwak x1vvkbs xtlvy1s x126k92a\" style=\"text-align: justify;\">\n<div dir=\"auto\">Jerez, Zacatecas; 8 de abril. El tiempo se aproxima y las figuras pol\u00edticas comienzan a emerger ante los ojos del electorado jerezano. S\u00ed, el periodo electoral est\u00e1 cerca y los aspirantes a cargos p\u00fablicos han empezado a dejarse ver en el tradicional &#8220;ba\u00f1o de pueblo&#8221;, luciendo sonrisas m\u00e1s falsas que un billete de tres pesos.<\/div>\n<div dir=\"auto\"><\/div>\n<\/div>\n<div class=\"x14z9mp xat24cr x1lziwak x1vvkbs xtlvy1s x126k92a\" style=\"text-align: justify;\">\n<div dir=\"auto\">El escenario perfecto fue el pasado S\u00e1bado de Gloria. Ataviados con sus mejores galas charras, protagonizaron una pasarela pol\u00edtica; algunos montados a caballo y otros saludando desde tapancos abarrotados de &#8220;barberos&#8221; y pretenciosos que aspiran a una posici\u00f3n p\u00fablica. En la escena desfilaron desde el secretario de gobierno, Rodrigo Reyes Mug\u00fcerza \u2014a quien le ganaron el corte de soga\u2014, hasta el diputado federal Ulises Mej\u00eda Haro, Julia Olgu\u00edn, Jos\u00e9 Narro, Hamurabi Gamboa, Carlos Puente, Miguel Alonso Reyes, Fito Bonilla y Ver\u00f3nica D\u00edaz. Incluso, hay quienes aseguran haber visto al menor de los Monreal, aquel que sentenci\u00f3 en entrevista que &#8220;al congreso de payasos no puedes ir vestido de payaso&#8221;, pero que, al parecer, entiende que a la fiesta charra s\u00ed se debe ir de charro.<\/div>\n<div dir=\"auto\"><\/div>\n<\/div>\n<div class=\"x14z9mp xat24cr x1lziwak x1vvkbs xtlvy1s x126k92a\" style=\"text-align: justify;\">\n<div dir=\"auto\">A todos los mencionados parece olvid\u00e1rseles que en Zacatecas, y especialmente en Jerez, ya estamos hartos de sus desfiguros y de sus malos gobiernos. Miguel Alonso, con total descaro, act\u00faa como si el estado no tuviera memoria. \u00bfSer\u00e1 que los actores pol\u00edticos ven en Jerez un basti\u00f3n determinante para la suma de votos, o simplemente lo utilizan para robar reflectores durante la m\u00e1xima fiesta de la entidad?<\/div>\n<div dir=\"auto\"><\/div>\n<\/div>\n<div class=\"x14z9mp xat24cr x1lziwak x1vvkbs xtlvy1s x126k92a\" style=\"text-align: justify;\">\n<div dir=\"auto\">Los tiempos electorales ya marcan una clara diferencia en las preferencias; el hartazgo social hacia &#8220;los mismos de siempre&#8221; ha llegado a su cl\u00edmax. El pueblo, que ahora reflexiona y piensa, elige caras nuevas, y la pr\u00f3xima elecci\u00f3n ser\u00e1 una muestra fehaciente de ello.<\/div>\n<\/div>\n<div class=\"x14z9mp xat24cr x1lziwak x1vvkbs xtlvy1s x126k92a\" style=\"text-align: justify;\">\n<div dir=\"auto\">No importa cu\u00e1nto se paseen por Jerez, cu\u00e1ntas manos estrechen ni cu\u00e1ntas sonrisas falsas gasten: en las urnas nos vemos.<\/div>\n<div dir=\"auto\"><\/div>\n<\/div>\n<div class=\"x14z9mp xat24cr x1lziwak x1vvkbs xtlvy1s x126k92a\">\n<div dir=\"auto\" style=\"text-align: justify;\">En fin, esto es un poco de lo que acontece en materia pol\u00edtica en nuestro hermoso Jerez, dentro de la Feria de la Primavera, la cual debemos disfrutar al m\u00e1ximo. Como siempre, me hago responsable de lo que escribo; esta vez no ser\u00e1 la excepci\u00f3n. Cada quien sus cuates&#8230;<\/div>\n<\/div>\n","protected":false},"excerpt":{"rendered":"<p>Por: Antonio Rom\u00e1n Jerez, Zacatecas; 8 de abril. El tiempo se aproxima y las figuras pol\u00edticas comienzan a emerger ante<\/p>\n","protected":false},"author":5,"featured_media":31019,"comment_status":"closed","ping_status":"closed","sticky":false,"template":"","format":"standard","meta":{"footnotes":"","jetpack_publicize_message":"","jetpack_publicize_feature_enabled":true,"jetpack_social_post_already_shared":true,"jetpack_social_options":{"image_generator_settings":{"template":"highway","default_image_id":0,"font":"","enabled":false},"version":2}},"categories":[7],"tags":[],"class_list":["post-31018","post","type-post","status-publish","format-standard","has-post-thumbnail","hentry","category-opinion"],"jetpack_publicize_connections":[],"_links":{"self":[{"href":"https:\/\/periodismoinformativo.com\/index.php?rest_route=\/wp\/v2\/posts\/31018","targetHints":{"allow":["GET"]}}],"collection":[{"href":"https:\/\/periodismoinformativo.com\/index.php?rest_route=\/wp\/v2\/posts"}],"about":[{"href":"https:\/\/periodismoinformativo.com\/index.php?rest_route=\/wp\/v2\/types\/post"}],"author":[{"embeddable":true,"href":"https:\/\/periodismoinformativo.com\/index.php?rest_route=\/wp\/v2\/users\/5"}],"replies":[{"embeddable":true,"href":"https:\/\/periodismoinformativo.com\/index.php?rest_route=%2Fwp%2Fv2%2Fcomments&post=31018"}],"version-history":[{"count":1,"href":"https:\/\/periodismoinformativo.com\/index.php?rest_route=\/wp\/v2\/posts\/31018\/revisions"}],"predecessor-version":[{"id":31020,"href":"https:\/\/periodismoinformativo.com\/index.php?rest_route=\/wp\/v2\/posts\/31018\/revisions\/31020"}],"wp:featuredmedia":[{"embeddable":true,"href":"https:\/\/periodismoinformativo.com\/index.php?rest_route=\/wp\/v2\/media\/31019"}],"wp:attachment":[{"href":"https:\/\/periodismoinformativo.com\/index.php?rest_route=%2Fwp%2Fv2%2Fmedia&parent=31018"}],"wp:term":[{"taxonomy":"category","embeddable":true,"href":"https:\/\/periodismoinformativo.com\/index.php?rest_route=%2Fwp%2Fv2%2Fcategories&post=31018"},{"taxonomy":"post_tag","embeddable":true,"href":"https:\/\/periodismoinformativo.com\/index.php?rest_route=%2Fwp%2Fv2%2Ftags&post=31018"}],"curies":[{"name":"wp","href":"https:\/\/api.w.org\/{rel}","templated":true}]}}