{"id":31021,"date":"2026-04-08T13:31:26","date_gmt":"2026-04-08T19:31:26","guid":{"rendered":"https:\/\/periodismoinformativo.com\/?p=31021"},"modified":"2026-04-08T13:31:26","modified_gmt":"2026-04-08T19:31:26","slug":"organizan-torneo-de-feria-de-futbol-rapido","status":"publish","type":"post","link":"https:\/\/periodismoinformativo.com\/?p=31021","title":{"rendered":"ORGANIZAN TORNEO DE FERIA DE FUTBOL R\u00c1PIDO"},"content":{"rendered":"<p>El Comit\u00e9 Organizador de la Feria de la Primavera 2026, realiz\u00f3 un cuadrangular de futbolito r\u00e1pido categor\u00eda varonil en la cancha del fraccionamiento SUTSEMOP en la cabecera municipal.<\/p>\n<p>El equipo Guerreros fue quien se proclam\u00f3 campe\u00f3n de la justa deportiva, tambi\u00e9n tuvieron participaci\u00f3n los equipos Deportivo Gonz\u00e1lez, Frente Popular Sur, as\u00ed como Aluminio y Vidrio.<\/p>\n<p>En representaci\u00f3n del presidente Rodrigo Ure\u00f1o, el Coordinador Municipal del Deporte Alejandro Dorado, previo a la premiaci\u00f3n agradeci\u00f3 la participaci\u00f3n de los jovenes y record\u00f3 que el prop\u00f3sito de este tipo de actividades se realizan para incentivar el deporte y la sana convivencia dentro de los festejos de la m\u00e1xima fiesta de las y los jerezanos.<\/p>\n","protected":false},"excerpt":{"rendered":"<p>El Comit\u00e9 Organizador de la Feria de la Primavera 2026, realiz\u00f3 un cuadrangular de futbolito r\u00e1pido categor\u00eda varonil en la<\/p>\n","protected":false},"author":5,"featured_media":31022,"comment_status":"closed","ping_status":"closed","sticky":false,"template":"","format":"standard","meta":{"footnotes":"","jetpack_publicize_message":"","jetpack_publicize_feature_enabled":true,"jetpack_social_post_already_shared":true,"jetpack_social_options":{"image_generator_settings":{"template":"highway","default_image_id":0,"font":"","enabled":false},"version":2}},"categories":[8],"tags":[],"class_list":["post-31021","post","type-post","status-publish","format-standard","has-post-thumbnail","hentry","category-ayuntamiento"],"jetpack_publicize_connections":[],"_links":{"self":[{"href":"https:\/\/periodismoinformativo.com\/index.php?rest_route=\/wp\/v2\/posts\/31021","targetHints":{"allow":["GET"]}}],"collection":[{"href":"https:\/\/periodismoinformativo.com\/index.php?rest_route=\/wp\/v2\/posts"}],"about":[{"href":"https:\/\/periodismoinformativo.com\/index.php?rest_route=\/wp\/v2\/types\/post"}],"author":[{"embeddable":true,"href":"https:\/\/periodismoinformativo.com\/index.php?rest_route=\/wp\/v2\/users\/5"}],"replies":[{"embeddable":true,"href":"https:\/\/periodismoinformativo.com\/index.php?rest_route=%2Fwp%2Fv2%2Fcomments&post=31021"}],"version-history":[{"count":1,"href":"https:\/\/periodismoinformativo.com\/index.php?rest_route=\/wp\/v2\/posts\/31021\/revisions"}],"predecessor-version":[{"id":31023,"href":"https:\/\/periodismoinformativo.com\/index.php?rest_route=\/wp\/v2\/posts\/31021\/revisions\/31023"}],"wp:featuredmedia":[{"embeddable":true,"href":"https:\/\/periodismoinformativo.com\/index.php?rest_route=\/wp\/v2\/media\/31022"}],"wp:attachment":[{"href":"https:\/\/periodismoinformativo.com\/index.php?rest_route=%2Fwp%2Fv2%2Fmedia&parent=31021"}],"wp:term":[{"taxonomy":"category","embeddable":true,"href":"https:\/\/periodismoinformativo.com\/index.php?rest_route=%2Fwp%2Fv2%2Fcategories&post=31021"},{"taxonomy":"post_tag","embeddable":true,"href":"https:\/\/periodismoinformativo.com\/index.php?rest_route=%2Fwp%2Fv2%2Ftags&post=31021"}],"curies":[{"name":"wp","href":"https:\/\/api.w.org\/{rel}","templated":true}]}}