{"id":31024,"date":"2026-04-09T10:40:02","date_gmt":"2026-04-09T16:40:02","guid":{"rendered":"https:\/\/periodismoinformativo.com\/?p=31024"},"modified":"2026-04-09T10:40:03","modified_gmt":"2026-04-09T16:40:03","slug":"grupo-liberacion-protagoniza-noche-de-exitos-en-la-feria-de-la-primavera-2026","status":"publish","type":"post","link":"https:\/\/periodismoinformativo.com\/?p=31024","title":{"rendered":"GRUPO LIBERACI\u00d3N PROTAGONIZA NOCHE DE \u00c9XITOS EN LA FERIA DE LA PRIMAVERA 2026"},"content":{"rendered":"<p>Ante un multitudinario p\u00fablico, Grupo Liberaci\u00f3n ofreci\u00f3 una noche llena de recuerdos y grandes \u00e9xitos durante su presentaci\u00f3n en la Feria de la Primavera 2026, donde logr\u00f3 conectar con los asistentes a trav\u00e9s de su caracter\u00edstico estilo y energ\u00eda en el escenario.<\/p>\n<p>Con un repertorio que incluy\u00f3 temas como Con el Coraz\u00f3n en la Mano, Me Enamor\u00e9 de un \u00c1ngel, Mi Peque\u00f1o Amor y Ese Loco Soy Yo, la agrupaci\u00f3n, liderada por Juan Tavares, hizo cantar a personas de todas las edades, generando un ambiente de nostalgia y celebraci\u00f3n.<\/p>\n<p>El presidente municipal, Rodrigo Ure\u00f1o, hizo entrega de un reconocimiento a la agrupaci\u00f3n encabezada por Virgilio Canales, destacando sus 50 a\u00f1os de trayectoria y agradeciendo su participaci\u00f3n en el escenario de la Feria.<\/p>\n<p>La velada inici\u00f3 con la participaci\u00f3n de los talentosos m\u00fasicos del Conjunto Ramos, seguidos por Los Alegres de Jerez, quienes se encargaron de encender el \u00e1nimo del p\u00fablico con su presentaci\u00f3n.<\/p>\n","protected":false},"excerpt":{"rendered":"<p>Ante un multitudinario p\u00fablico, Grupo Liberaci\u00f3n ofreci\u00f3 una noche llena de recuerdos y grandes \u00e9xitos durante su presentaci\u00f3n en la<\/p>\n","protected":false},"author":5,"featured_media":31025,"comment_status":"closed","ping_status":"closed","sticky":false,"template":"","format":"standard","meta":{"footnotes":"","jetpack_publicize_message":"","jetpack_publicize_feature_enabled":true,"jetpack_social_post_already_shared":true,"jetpack_social_options":{"image_generator_settings":{"template":"highway","default_image_id":0,"font":"","enabled":false},"version":2}},"categories":[8],"tags":[],"class_list":["post-31024","post","type-post","status-publish","format-standard","has-post-thumbnail","hentry","category-ayuntamiento"],"jetpack_publicize_connections":[],"_links":{"self":[{"href":"https:\/\/periodismoinformativo.com\/index.php?rest_route=\/wp\/v2\/posts\/31024","targetHints":{"allow":["GET"]}}],"collection":[{"href":"https:\/\/periodismoinformativo.com\/index.php?rest_route=\/wp\/v2\/posts"}],"about":[{"href":"https:\/\/periodismoinformativo.com\/index.php?rest_route=\/wp\/v2\/types\/post"}],"author":[{"embeddable":true,"href":"https:\/\/periodismoinformativo.com\/index.php?rest_route=\/wp\/v2\/users\/5"}],"replies":[{"embeddable":true,"href":"https:\/\/periodismoinformativo.com\/index.php?rest_route=%2Fwp%2Fv2%2Fcomments&post=31024"}],"version-history":[{"count":1,"href":"https:\/\/periodismoinformativo.com\/index.php?rest_route=\/wp\/v2\/posts\/31024\/revisions"}],"predecessor-version":[{"id":31026,"href":"https:\/\/periodismoinformativo.com\/index.php?rest_route=\/wp\/v2\/posts\/31024\/revisions\/31026"}],"wp:featuredmedia":[{"embeddable":true,"href":"https:\/\/periodismoinformativo.com\/index.php?rest_route=\/wp\/v2\/media\/31025"}],"wp:attachment":[{"href":"https:\/\/periodismoinformativo.com\/index.php?rest_route=%2Fwp%2Fv2%2Fmedia&parent=31024"}],"wp:term":[{"taxonomy":"category","embeddable":true,"href":"https:\/\/periodismoinformativo.com\/index.php?rest_route=%2Fwp%2Fv2%2Fcategories&post=31024"},{"taxonomy":"post_tag","embeddable":true,"href":"https:\/\/periodismoinformativo.com\/index.php?rest_route=%2Fwp%2Fv2%2Ftags&post=31024"}],"curies":[{"name":"wp","href":"https:\/\/api.w.org\/{rel}","templated":true}]}}