{"id":31027,"date":"2026-04-09T11:10:03","date_gmt":"2026-04-09T17:10:03","guid":{"rendered":"https:\/\/periodismoinformativo.com\/?p=31027"},"modified":"2026-04-09T11:10:03","modified_gmt":"2026-04-09T17:10:03","slug":"capacitan-a-productores-para-mejor-engorda-de-ganado-en-la-expo-jerez-2026","status":"publish","type":"post","link":"https:\/\/periodismoinformativo.com\/?p=31027","title":{"rendered":"CAPACITAN A PRODUCTORES PARA MEJOR ENGORDA DE GANADO EN LA EXPO JEREZ 2026."},"content":{"rendered":"<p>En el marco de la Feria de la Primavera Jerez 2026, se llev\u00f3 a cabo la conferencia \u201cHerramientas de manejo productivo en el corral de engorda\u201d, el pasado mi\u00e9rcoles en las instalaciones de la Expo Ganadera.<\/p>\n<p>El taller abord\u00f3 temas fundamentales como la correcta alimentaci\u00f3n del ganado y la importancia de mantener un sistema digestivo saludable, destacando que un desequilibrio puede provocar que bacterias migren al sistema respiratorio, poniendo en riesgo la vida de los animales.<\/p>\n<p>La capacitaci\u00f3n fue impartida por el Irving Alonso D\u00edaz Acu\u00f1a, quien comparti\u00f3 conocimientos pr\u00e1cticos con aproximadamente 30 productores asistentes.<\/p>\n<p>Con este tipo de acciones, el Gobierno Municipal encabezado por Rodrigo Ure\u00f1o refrenda su compromiso con el sector agropecuario, brindando herramientas que contribuyen a mejorar la productividad y el bienestar del ganado.<\/p>\n<p>El evento fue convocado por Desarrollo Agropecuario y Forestal que dirige Rolando Ruiz V\u00e1zquez, en coordinaci\u00f3n con el comit\u00e9 ferial de la Expo Ganadera 2026.<\/p>\n","protected":false},"excerpt":{"rendered":"<p>En el marco de la Feria de la Primavera Jerez 2026, se llev\u00f3 a cabo la conferencia \u201cHerramientas de manejo<\/p>\n","protected":false},"author":5,"featured_media":31028,"comment_status":"closed","ping_status":"closed","sticky":false,"template":"","format":"standard","meta":{"footnotes":"","jetpack_publicize_message":"","jetpack_publicize_feature_enabled":true,"jetpack_social_post_already_shared":true,"jetpack_social_options":{"image_generator_settings":{"template":"highway","default_image_id":0,"font":"","enabled":false},"version":2}},"categories":[8],"tags":[],"class_list":["post-31027","post","type-post","status-publish","format-standard","has-post-thumbnail","hentry","category-ayuntamiento"],"jetpack_publicize_connections":[],"_links":{"self":[{"href":"https:\/\/periodismoinformativo.com\/index.php?rest_route=\/wp\/v2\/posts\/31027","targetHints":{"allow":["GET"]}}],"collection":[{"href":"https:\/\/periodismoinformativo.com\/index.php?rest_route=\/wp\/v2\/posts"}],"about":[{"href":"https:\/\/periodismoinformativo.com\/index.php?rest_route=\/wp\/v2\/types\/post"}],"author":[{"embeddable":true,"href":"https:\/\/periodismoinformativo.com\/index.php?rest_route=\/wp\/v2\/users\/5"}],"replies":[{"embeddable":true,"href":"https:\/\/periodismoinformativo.com\/index.php?rest_route=%2Fwp%2Fv2%2Fcomments&post=31027"}],"version-history":[{"count":1,"href":"https:\/\/periodismoinformativo.com\/index.php?rest_route=\/wp\/v2\/posts\/31027\/revisions"}],"predecessor-version":[{"id":31029,"href":"https:\/\/periodismoinformativo.com\/index.php?rest_route=\/wp\/v2\/posts\/31027\/revisions\/31029"}],"wp:featuredmedia":[{"embeddable":true,"href":"https:\/\/periodismoinformativo.com\/index.php?rest_route=\/wp\/v2\/media\/31028"}],"wp:attachment":[{"href":"https:\/\/periodismoinformativo.com\/index.php?rest_route=%2Fwp%2Fv2%2Fmedia&parent=31027"}],"wp:term":[{"taxonomy":"category","embeddable":true,"href":"https:\/\/periodismoinformativo.com\/index.php?rest_route=%2Fwp%2Fv2%2Fcategories&post=31027"},{"taxonomy":"post_tag","embeddable":true,"href":"https:\/\/periodismoinformativo.com\/index.php?rest_route=%2Fwp%2Fv2%2Ftags&post=31027"}],"curies":[{"name":"wp","href":"https:\/\/api.w.org\/{rel}","templated":true}]}}