{"id":31034,"date":"2026-04-12T10:46:25","date_gmt":"2026-04-12T16:46:25","guid":{"rendered":"https:\/\/periodismoinformativo.com\/?p=31034"},"modified":"2026-04-12T10:46:25","modified_gmt":"2026-04-12T16:46:25","slug":"oscar-gomez-y-musas-velardeanas-enamoran-al-publico-en-el-festival-cultural-de-la-feria-de-la-primavera-2026","status":"publish","type":"post","link":"https:\/\/periodismoinformativo.com\/?p=31034","title":{"rendered":"OSCAR G\u00d3MEZ Y MUSAS VELARDEANAS ENAMORAN AL P\u00daBLICO EN EL FESTIVAL CULTURAL DE LA FERIA DE LA PRIMAVERA 2026"},"content":{"rendered":"<p>Una noche de m\u00fasica mexicana que celebr\u00f3 el talento local y nacional en el coraz\u00f3n de Jerez<\/p>\n<p>Jerez, Zac.- En el marco del Festival Cultural de la Feria de la Primavera 2026, el Instituto Jerezano de Cultura llev\u00f3 a cabo la destacada presentaci\u00f3n del tenor Oscar G\u00f3mez, quien, acompa\u00f1ado de mariachi y tr\u00edo, ofreci\u00f3 un emotivo recorrido por la m\u00fasica mexicana en el Jard\u00edn Principal de Jerez.<\/p>\n<p>Con un repertorio que abarc\u00f3 desde el bolero hasta la ranchera, el cantante originario de Mazatl\u00e1n deleit\u00f3 a las y los asistentes, quienes disfrutaron de una velada llena de sentimiento, tradici\u00f3n y calidad interpretativa.<\/p>\n<p>La noche cont\u00f3 adem\u00e1s con la participaci\u00f3n especial de Musas Velardeanas, integrada por Imelda Luna, Karina Botello, Melissa Sald\u00edvar y Paty Santollo. Las cuatro artistas, reconocidas solistas y miembros de Difusi\u00f3n Cultural del municipio, prepararon este ensamble en pocas semanas, logrando una presentaci\u00f3n que fue ampliamente ovacionada por el p\u00fablico.<\/p>\n<p>Durante el evento, la directora del Instituto Jerezano de Cultura, Elizabeth Murillo, agradeci\u00f3 la participaci\u00f3n de las y los m\u00fasicos, reconociendo su dedicaci\u00f3n y profesionalismo para brindar un espect\u00e1culo de alta calidad. Asimismo, destac\u00f3 que el programa cultural de la feria tiene como objetivo ampliar la oferta art\u00edstica, diversificar la propuesta musical y generar espacios para diversos en la m\u00e1xima fiesta de los jerezanos.<\/p>\n","protected":false},"excerpt":{"rendered":"<p>Una noche de m\u00fasica mexicana que celebr\u00f3 el talento local y nacional en el coraz\u00f3n de Jerez Jerez, Zac.- En<\/p>\n","protected":false},"author":5,"featured_media":31035,"comment_status":"closed","ping_status":"closed","sticky":false,"template":"","format":"standard","meta":{"footnotes":"","jetpack_publicize_message":"","jetpack_publicize_feature_enabled":true,"jetpack_social_post_already_shared":true,"jetpack_social_options":{"image_generator_settings":{"template":"highway","default_image_id":0,"font":"","enabled":false},"version":2}},"categories":[8],"tags":[],"class_list":["post-31034","post","type-post","status-publish","format-standard","has-post-thumbnail","hentry","category-ayuntamiento"],"jetpack_publicize_connections":[],"_links":{"self":[{"href":"https:\/\/periodismoinformativo.com\/index.php?rest_route=\/wp\/v2\/posts\/31034","targetHints":{"allow":["GET"]}}],"collection":[{"href":"https:\/\/periodismoinformativo.com\/index.php?rest_route=\/wp\/v2\/posts"}],"about":[{"href":"https:\/\/periodismoinformativo.com\/index.php?rest_route=\/wp\/v2\/types\/post"}],"author":[{"embeddable":true,"href":"https:\/\/periodismoinformativo.com\/index.php?rest_route=\/wp\/v2\/users\/5"}],"replies":[{"embeddable":true,"href":"https:\/\/periodismoinformativo.com\/index.php?rest_route=%2Fwp%2Fv2%2Fcomments&post=31034"}],"version-history":[{"count":1,"href":"https:\/\/periodismoinformativo.com\/index.php?rest_route=\/wp\/v2\/posts\/31034\/revisions"}],"predecessor-version":[{"id":31036,"href":"https:\/\/periodismoinformativo.com\/index.php?rest_route=\/wp\/v2\/posts\/31034\/revisions\/31036"}],"wp:featuredmedia":[{"embeddable":true,"href":"https:\/\/periodismoinformativo.com\/index.php?rest_route=\/wp\/v2\/media\/31035"}],"wp:attachment":[{"href":"https:\/\/periodismoinformativo.com\/index.php?rest_route=%2Fwp%2Fv2%2Fmedia&parent=31034"}],"wp:term":[{"taxonomy":"category","embeddable":true,"href":"https:\/\/periodismoinformativo.com\/index.php?rest_route=%2Fwp%2Fv2%2Fcategories&post=31034"},{"taxonomy":"post_tag","embeddable":true,"href":"https:\/\/periodismoinformativo.com\/index.php?rest_route=%2Fwp%2Fv2%2Ftags&post=31034"}],"curies":[{"name":"wp","href":"https:\/\/api.w.org\/{rel}","templated":true}]}}