{"id":31037,"date":"2026-04-12T14:00:49","date_gmt":"2026-04-12T20:00:49","guid":{"rendered":"https:\/\/periodismoinformativo.com\/?p=31037"},"modified":"2026-04-12T14:00:49","modified_gmt":"2026-04-12T20:00:49","slug":"el-espectaculo-internacional-de-rodeo-cuernos-chuecos-se-presento-con-gran-exito-en-el-marco-de-la-feria-de-la-primavera-jerez-2026","status":"publish","type":"post","link":"https:\/\/periodismoinformativo.com\/?p=31037","title":{"rendered":"El espect\u00e1culo internacional de rodeo Cuernos Chuecos se present\u00f3 con gran \u00e9xito en el marco de la Feria de la Primavera Jerez 2026"},"content":{"rendered":"<p>La Plaza de Toros La Jerezana luci\u00f3 abarrotada, reuniendo a una multitud entusiasta que disfrut\u00f3 de una emocionante jornada llena de adrenalina, donde destacaron las impresionantes montas de los vaqueros y la destreza de las competidoras en la carrera de barriles.<br \/>\nEl evento cont\u00f3 con la presencia del presidente municipal, Rodrigo Ure\u00f1o, quien asisti\u00f3 para ser parte de esta importante celebraci\u00f3n y convivir con las familias jerezanas, reafirmando el impulso a este tipo de espect\u00e1culos que fortalecen la tradici\u00f3n y el turismo en el municipio.<br \/>\n\u00c1lvaro \u00c1lvarez se llev\u00f3 la noche al ofrecer una actuaci\u00f3n sobresaliente, cerrando con broche de oro el evento y gan\u00e1ndose la ovaci\u00f3n del p\u00fablico presente.<\/p>\n","protected":false},"excerpt":{"rendered":"<p>La Plaza de Toros La Jerezana luci\u00f3 abarrotada, reuniendo a una multitud entusiasta que disfrut\u00f3 de una emocionante jornada llena<\/p>\n","protected":false},"author":5,"featured_media":31038,"comment_status":"closed","ping_status":"closed","sticky":false,"template":"","format":"standard","meta":{"footnotes":"","jetpack_publicize_message":"","jetpack_publicize_feature_enabled":true,"jetpack_social_post_already_shared":true,"jetpack_social_options":{"image_generator_settings":{"template":"highway","default_image_id":0,"font":"","enabled":false},"version":2}},"categories":[8],"tags":[],"class_list":["post-31037","post","type-post","status-publish","format-standard","has-post-thumbnail","hentry","category-ayuntamiento"],"jetpack_publicize_connections":[],"_links":{"self":[{"href":"https:\/\/periodismoinformativo.com\/index.php?rest_route=\/wp\/v2\/posts\/31037","targetHints":{"allow":["GET"]}}],"collection":[{"href":"https:\/\/periodismoinformativo.com\/index.php?rest_route=\/wp\/v2\/posts"}],"about":[{"href":"https:\/\/periodismoinformativo.com\/index.php?rest_route=\/wp\/v2\/types\/post"}],"author":[{"embeddable":true,"href":"https:\/\/periodismoinformativo.com\/index.php?rest_route=\/wp\/v2\/users\/5"}],"replies":[{"embeddable":true,"href":"https:\/\/periodismoinformativo.com\/index.php?rest_route=%2Fwp%2Fv2%2Fcomments&post=31037"}],"version-history":[{"count":1,"href":"https:\/\/periodismoinformativo.com\/index.php?rest_route=\/wp\/v2\/posts\/31037\/revisions"}],"predecessor-version":[{"id":31039,"href":"https:\/\/periodismoinformativo.com\/index.php?rest_route=\/wp\/v2\/posts\/31037\/revisions\/31039"}],"wp:featuredmedia":[{"embeddable":true,"href":"https:\/\/periodismoinformativo.com\/index.php?rest_route=\/wp\/v2\/media\/31038"}],"wp:attachment":[{"href":"https:\/\/periodismoinformativo.com\/index.php?rest_route=%2Fwp%2Fv2%2Fmedia&parent=31037"}],"wp:term":[{"taxonomy":"category","embeddable":true,"href":"https:\/\/periodismoinformativo.com\/index.php?rest_route=%2Fwp%2Fv2%2Fcategories&post=31037"},{"taxonomy":"post_tag","embeddable":true,"href":"https:\/\/periodismoinformativo.com\/index.php?rest_route=%2Fwp%2Fv2%2Ftags&post=31037"}],"curies":[{"name":"wp","href":"https:\/\/api.w.org\/{rel}","templated":true}]}}