{"id":31040,"date":"2026-04-15T11:01:51","date_gmt":"2026-04-15T17:01:51","guid":{"rendered":"https:\/\/periodismoinformativo.com\/?p=31040"},"modified":"2026-04-15T11:01:51","modified_gmt":"2026-04-15T17:01:51","slug":"cada-quien-sus-cuates-termino-la-feria","status":"publish","type":"post","link":"https:\/\/periodismoinformativo.com\/?p=31040","title":{"rendered":"Cada Quien Sus Cuates&#8230; (termin\u00f3 la feria)"},"content":{"rendered":"<div class=\"x14z9mp xat24cr x1lziwak x1vvkbs xtlvy1s x126k92a\">\n<div dir=\"auto\">\u200bPor: Antonio Rom\u00e1n<\/div>\n<div dir=\"auto\">Jerez, Zacatecas; 14 de abril; Pues bien, se termin\u00f3 la Feria de la Primavera en su edici\u00f3n 2026. Todos los que criticaron el programa de la feria y que dec\u00edan que era mala, que lo mismo de siempre, que &#8220;c\u00f3mo te extra\u00f1amos Pepe Pasteles&#8221; (que es lo \u00fanico que le reconocen, de ah\u00ed en m\u00e1s nada; si acaso sus fechor\u00edas son recordadas durante todo el a\u00f1o y no as\u00ed en la semana de feria), todos, absolutamente todos los que criticaron la Feria de la Primavera, estuvieron en la mayor\u00eda de los eventos principales.<\/div>\n<\/div>\n<div class=\"x14z9mp xat24cr x1lziwak x1vvkbs xtlvy1s x126k92a\">\n<div dir=\"auto\">\u200bTodos bailaron y corearon al ritmo de las agrupaciones que se presentaron; algunos m\u00e1s acudieron a los eventos deportivos y otros tantos a los eventos culturales.<\/div>\n<\/div>\n<div class=\"x14z9mp xat24cr x1lziwak x1vvkbs xtlvy1s x126k92a\">\n<div dir=\"auto\">Todos, absolutamente todos, estuvieron en el Teatro del Pueblo, ya sea en la zona baja, en alg\u00fan bar, en la zona VIP o simplemente en los alrededores escuchando la m\u00fasica de los artistas que conformaron el cartel de la m\u00e1xima fiesta de los jerezanos.<\/div>\n<\/div>\n<div class=\"x14z9mp xat24cr x1lziwak x1vvkbs xtlvy1s x126k92a\">\n<div dir=\"auto\">\u200bEntonces, la pregunta es: \u00bfla feria fue buena o no? \u00bfLa feria les gust\u00f3 o no?<\/div>\n<div dir=\"auto\">\u200bYo digo que s\u00ed, pero como siempre, a nosotros los jerezanos no nos gusta nada. Si no nos dan, es malo; y si nos dan, tambi\u00e9n es malo. Es por eso que la Feria de la Primavera fue un \u00e9xito rotundo.<\/div>\n<\/div>\n<div class=\"x14z9mp xat24cr x1lziwak x1vvkbs xtlvy1s x126k92a\">\n<div dir=\"auto\">El presidente Rodrigo Ure\u00f1o, de acuerdo a las posibilidades econ\u00f3micas del ayuntamiento, organiz\u00f3 una fiesta en la que miles y miles de jerezanos se divirtieron y que tambi\u00e9n sirvi\u00f3 de pasarela pol\u00edtica para todos aquellos que aspiran a un cargo p\u00fablico en el 2027.<\/div>\n<\/div>\n<div class=\"x14z9mp xat24cr x1lziwak x1vvkbs xtlvy1s x126k92a\">\n<div dir=\"auto\">\u200bEntonces, una vez m\u00e1s, la Feria de Primavera (p\u00e9sele a quien le pese y g\u00fastele a quien le guste) fue un \u00e9xito.<\/div>\n<\/div>\n<div class=\"x14z9mp xat24cr x1lziwak x1vvkbs xtlvy1s x126k92a\">\n<div dir=\"auto\">\u00bfPor qu\u00e9? Porque las personas que reciben un ingreso econ\u00f3mico por la prestaci\u00f3n de servicios de cualquier tipo se echaron un dinerito extra a la bolsa; desde aquellos que improvisaron en sus terrenos bald\u00edos o lotes estacionamientos, hasta los que vendieron aguas, refrescos, churros y papitas, sin dejar de lado restaurantes, bares y otros servicios diferentes.<\/div>\n<\/div>\n<div class=\"x14z9mp xat24cr x1lziwak x1vvkbs xtlvy1s x126k92a\">\n<div dir=\"auto\">Entonces la feria fue un \u00e9xito&#8230; y a todos aquellos detractores del gobierno y a los que no les gusta nada, pero siempre andan ah\u00ed, &#8230;nos vemos el a\u00f1o que entra.<\/div>\n<\/div>\n<div class=\"x14z9mp xat24cr x1lziwak x1vvkbs xtlvy1s x126k92a\">\n<div dir=\"auto\">\u200bEn fin, esto un poco de lo que acontece en el \u00e1mbito pol\u00edtico dentro de la feria de primavera 2026 podr\u00eda gustarle o no, es ese, asunto suyo&#8230; y como siempre me hago responsable de lo que escribo, esta vez no ser\u00e1 la excepci\u00f3n. Cada Quien Sus Cuates&#8230;<\/div>\n<\/div>\n","protected":false},"excerpt":{"rendered":"<p>\u200bPor: Antonio Rom\u00e1n Jerez, Zacatecas; 14 de abril; Pues bien, se termin\u00f3 la Feria de la Primavera en su edici\u00f3n<\/p>\n","protected":false},"author":5,"featured_media":31041,"comment_status":"closed","ping_status":"closed","sticky":false,"template":"","format":"standard","meta":{"footnotes":"","jetpack_publicize_message":"","jetpack_publicize_feature_enabled":true,"jetpack_social_post_already_shared":true,"jetpack_social_options":{"image_generator_settings":{"template":"highway","default_image_id":0,"font":"","enabled":false},"version":2}},"categories":[4,12,7],"tags":[],"class_list":["post-31040","post","type-post","status-publish","format-standard","has-post-thumbnail","hentry","category-locales","category-nacionales","category-opinion"],"jetpack_publicize_connections":[],"_links":{"self":[{"href":"https:\/\/periodismoinformativo.com\/index.php?rest_route=\/wp\/v2\/posts\/31040","targetHints":{"allow":["GET"]}}],"collection":[{"href":"https:\/\/periodismoinformativo.com\/index.php?rest_route=\/wp\/v2\/posts"}],"about":[{"href":"https:\/\/periodismoinformativo.com\/index.php?rest_route=\/wp\/v2\/types\/post"}],"author":[{"embeddable":true,"href":"https:\/\/periodismoinformativo.com\/index.php?rest_route=\/wp\/v2\/users\/5"}],"replies":[{"embeddable":true,"href":"https:\/\/periodismoinformativo.com\/index.php?rest_route=%2Fwp%2Fv2%2Fcomments&post=31040"}],"version-history":[{"count":1,"href":"https:\/\/periodismoinformativo.com\/index.php?rest_route=\/wp\/v2\/posts\/31040\/revisions"}],"predecessor-version":[{"id":31042,"href":"https:\/\/periodismoinformativo.com\/index.php?rest_route=\/wp\/v2\/posts\/31040\/revisions\/31042"}],"wp:featuredmedia":[{"embeddable":true,"href":"https:\/\/periodismoinformativo.com\/index.php?rest_route=\/wp\/v2\/media\/31041"}],"wp:attachment":[{"href":"https:\/\/periodismoinformativo.com\/index.php?rest_route=%2Fwp%2Fv2%2Fmedia&parent=31040"}],"wp:term":[{"taxonomy":"category","embeddable":true,"href":"https:\/\/periodismoinformativo.com\/index.php?rest_route=%2Fwp%2Fv2%2Fcategories&post=31040"},{"taxonomy":"post_tag","embeddable":true,"href":"https:\/\/periodismoinformativo.com\/index.php?rest_route=%2Fwp%2Fv2%2Ftags&post=31040"}],"curies":[{"name":"wp","href":"https:\/\/api.w.org\/{rel}","templated":true}]}}