{"id":31049,"date":"2026-04-15T15:26:42","date_gmt":"2026-04-15T21:26:42","guid":{"rendered":"https:\/\/periodismoinformativo.com\/?p=31049"},"modified":"2026-04-16T10:27:36","modified_gmt":"2026-04-16T16:27:36","slug":"servicios-publicos-de-jerez-atiende-reporte-ciudadano-sobre-reductor-de-velocidad","status":"publish","type":"post","link":"https:\/\/periodismoinformativo.com\/?p=31049","title":{"rendered":"SERVICIOS P\u00daBLICOS DE JEREZ ATIENDE REPORTE CIUDADANO SOBRE REDUCTOR DE VELOCIDAD"},"content":{"rendered":"<p>Para mejorar la seguridad y prevenir accidentes de tr\u00e1nsito, el Gobierno Municipal que encabeza el Presidente Rodrigo Ure\u00f1o Ba\u00f1uelos, a trav\u00e9s de la Direcci\u00f3n de Obras y Servicios P\u00fablicos; atiende solicitud de vecinos de fraccionamiento Las Am\u00e9ricas parta hacer reparaciones de un reductor de velocidad el cual es indispensable para la tranquilidad de los habitantes de esa zona.<\/p>\n<p>Rub\u00e9n D\u00e1vila Aguilar, Director de la Dependencia, inform\u00f3 que los trabajos se hacen en un tope de concreto que presentaba ya desgaste significativo y era necesario hacer trabajos de rehabilitaci\u00f3n, el cual se ubica en calle Rep\u00fablica del Salvador.<\/p>\n<p>Agreg\u00f3 que la solicitud se hizo ante el Alcalde Rodrigo Ure\u00f1o, se le dio el tr\u00e1mite correspondiente y se atiende de manera oportuna, dijo tambi\u00e9n que colonos de ese lugar expresaron que era urgente atender el reductor de velocidad, toda vez que los veh\u00edculos pasan a exceso de la velocidad permitida en esa zona y podr\u00eda provocar alg\u00fan accidente en caso de no atender la petici\u00f3n, con estas acciones se da seguimiento a los reportes ciudadanos y se trabaja por un Jerez seguro para todos.<\/p>\n","protected":false},"excerpt":{"rendered":"<p>Para mejorar la seguridad y prevenir accidentes de tr\u00e1nsito, el Gobierno Municipal que encabeza el Presidente Rodrigo Ure\u00f1o Ba\u00f1uelos, a<\/p>\n","protected":false},"author":5,"featured_media":31050,"comment_status":"closed","ping_status":"closed","sticky":false,"template":"","format":"standard","meta":{"footnotes":"","jetpack_publicize_message":"","jetpack_publicize_feature_enabled":true,"jetpack_social_post_already_shared":true,"jetpack_social_options":{"image_generator_settings":{"template":"highway","default_image_id":0,"font":"","enabled":false},"version":2}},"categories":[8],"tags":[],"class_list":["post-31049","post","type-post","status-publish","format-standard","has-post-thumbnail","hentry","category-ayuntamiento"],"jetpack_publicize_connections":[],"_links":{"self":[{"href":"https:\/\/periodismoinformativo.com\/index.php?rest_route=\/wp\/v2\/posts\/31049","targetHints":{"allow":["GET"]}}],"collection":[{"href":"https:\/\/periodismoinformativo.com\/index.php?rest_route=\/wp\/v2\/posts"}],"about":[{"href":"https:\/\/periodismoinformativo.com\/index.php?rest_route=\/wp\/v2\/types\/post"}],"author":[{"embeddable":true,"href":"https:\/\/periodismoinformativo.com\/index.php?rest_route=\/wp\/v2\/users\/5"}],"replies":[{"embeddable":true,"href":"https:\/\/periodismoinformativo.com\/index.php?rest_route=%2Fwp%2Fv2%2Fcomments&post=31049"}],"version-history":[{"count":1,"href":"https:\/\/periodismoinformativo.com\/index.php?rest_route=\/wp\/v2\/posts\/31049\/revisions"}],"predecessor-version":[{"id":31051,"href":"https:\/\/periodismoinformativo.com\/index.php?rest_route=\/wp\/v2\/posts\/31049\/revisions\/31051"}],"wp:featuredmedia":[{"embeddable":true,"href":"https:\/\/periodismoinformativo.com\/index.php?rest_route=\/wp\/v2\/media\/31050"}],"wp:attachment":[{"href":"https:\/\/periodismoinformativo.com\/index.php?rest_route=%2Fwp%2Fv2%2Fmedia&parent=31049"}],"wp:term":[{"taxonomy":"category","embeddable":true,"href":"https:\/\/periodismoinformativo.com\/index.php?rest_route=%2Fwp%2Fv2%2Fcategories&post=31049"},{"taxonomy":"post_tag","embeddable":true,"href":"https:\/\/periodismoinformativo.com\/index.php?rest_route=%2Fwp%2Fv2%2Ftags&post=31049"}],"curies":[{"name":"wp","href":"https:\/\/api.w.org\/{rel}","templated":true}]}}