{"id":31052,"date":"2026-04-16T12:09:52","date_gmt":"2026-04-16T18:09:52","guid":{"rendered":"https:\/\/periodismoinformativo.com\/?p=31052"},"modified":"2026-04-16T12:09:52","modified_gmt":"2026-04-16T18:09:52","slug":"supervisa-rodrigo-ureno-trabajos-de-reforestacion-y-mantenimiento-en-el-jardin-rafael-paez","status":"publish","type":"post","link":"https:\/\/periodismoinformativo.com\/?p=31052","title":{"rendered":"SUPERVISA RODRIGO URE\u00d1O TRABAJOS DE REFORESTACI\u00d3N Y MANTENIMIENTO EN EL JARD\u00cdN RAFAEL P\u00c1EZ"},"content":{"rendered":"<p>Se fortalecen las \u00e1reas verdes tras la alta afluencia por Semana Santa y la Feria de la Primavera<\/p>\n<p>Jerez, Zacatecas.\u2013 El presidente municipal, Rodrigo Ure\u00f1o Ba\u00f1uelos, realiz\u00f3 un recorrido de supervisi\u00f3n por el Jard\u00edn Rafael P\u00e1ez, donde constat\u00f3 los trabajos de rehabilitaci\u00f3n, mantenimiento y reforestaci\u00f3n realizados por personal de Parques y Jardines.<\/p>\n<p>Como parte de estas acciones, se llev\u00f3 a cabo la plantaci\u00f3n de 230 rosales, 200 lirios y 250 truenos, con el objetivo de revitalizar el per\u00edmetro del jard\u00edn y fortalecer la imagen urbana de uno de los espacios p\u00fablicos m\u00e1s representativos del municipio.<\/p>\n<p>Asimismo, se efectuaron labores de poda, limpieza general y trabajos de jardiner\u00eda, enfocados en restaurar posibles afectaciones derivadas de la alta afluencia registrada durante el S\u00e1bado de Gloria y las actividades de la Feria de la Primavera, garantizando as\u00ed un entorno digno y ordenado para las y los jerezanos.<\/p>\n<p>El alcalde destac\u00f3 la importancia de mantener en \u00f3ptimas condiciones los espacios p\u00fablicos, al ser puntos de encuentro familiar y atractivo tur\u00edstico, reiterando el compromiso de su administraci\u00f3n con el cuidado del medio ambiente y la mejora continua de la infraestructura urbana.<\/p>\n<p>Una vez concluidas estas acciones en el Jard\u00edn Rafael P\u00e1ez, el personal de Parques y Jardines continuar\u00e1 con trabajos de mantenimiento en las \u00e1reas verdes de la Presidencia Municipal, dando seguimiento a la estrategia integral de conservaci\u00f3n y embellecimiento de la ciudad.<\/p>\n","protected":false},"excerpt":{"rendered":"<p>Se fortalecen las \u00e1reas verdes tras la alta afluencia por Semana Santa y la Feria de la Primavera Jerez, Zacatecas.\u2013<\/p>\n","protected":false},"author":5,"featured_media":31053,"comment_status":"closed","ping_status":"closed","sticky":false,"template":"","format":"standard","meta":{"footnotes":"","jetpack_publicize_message":"","jetpack_publicize_feature_enabled":true,"jetpack_social_post_already_shared":true,"jetpack_social_options":{"image_generator_settings":{"template":"highway","default_image_id":0,"font":"","enabled":false},"version":2}},"categories":[8],"tags":[],"class_list":["post-31052","post","type-post","status-publish","format-standard","has-post-thumbnail","hentry","category-ayuntamiento"],"jetpack_publicize_connections":[],"_links":{"self":[{"href":"https:\/\/periodismoinformativo.com\/index.php?rest_route=\/wp\/v2\/posts\/31052","targetHints":{"allow":["GET"]}}],"collection":[{"href":"https:\/\/periodismoinformativo.com\/index.php?rest_route=\/wp\/v2\/posts"}],"about":[{"href":"https:\/\/periodismoinformativo.com\/index.php?rest_route=\/wp\/v2\/types\/post"}],"author":[{"embeddable":true,"href":"https:\/\/periodismoinformativo.com\/index.php?rest_route=\/wp\/v2\/users\/5"}],"replies":[{"embeddable":true,"href":"https:\/\/periodismoinformativo.com\/index.php?rest_route=%2Fwp%2Fv2%2Fcomments&post=31052"}],"version-history":[{"count":1,"href":"https:\/\/periodismoinformativo.com\/index.php?rest_route=\/wp\/v2\/posts\/31052\/revisions"}],"predecessor-version":[{"id":31054,"href":"https:\/\/periodismoinformativo.com\/index.php?rest_route=\/wp\/v2\/posts\/31052\/revisions\/31054"}],"wp:featuredmedia":[{"embeddable":true,"href":"https:\/\/periodismoinformativo.com\/index.php?rest_route=\/wp\/v2\/media\/31053"}],"wp:attachment":[{"href":"https:\/\/periodismoinformativo.com\/index.php?rest_route=%2Fwp%2Fv2%2Fmedia&parent=31052"}],"wp:term":[{"taxonomy":"category","embeddable":true,"href":"https:\/\/periodismoinformativo.com\/index.php?rest_route=%2Fwp%2Fv2%2Fcategories&post=31052"},{"taxonomy":"post_tag","embeddable":true,"href":"https:\/\/periodismoinformativo.com\/index.php?rest_route=%2Fwp%2Fv2%2Ftags&post=31052"}],"curies":[{"name":"wp","href":"https:\/\/api.w.org\/{rel}","templated":true}]}}