{"id":31065,"date":"2026-04-21T14:24:01","date_gmt":"2026-04-21T20:24:01","guid":{"rendered":"https:\/\/periodismoinformativo.com\/?p=31065"},"modified":"2026-04-21T14:24:01","modified_gmt":"2026-04-21T20:24:01","slug":"gobierno-municipal-de-jerez-fortalece-vinculos-con-la-comunidad-educativa-en-honores-a-la-bandera","status":"publish","type":"post","link":"https:\/\/periodismoinformativo.com\/?p=31065","title":{"rendered":"GOBIERNO MUNICIPAL DE JEREZ FORTALECE V\u00cdNCULOS CON LA COMUNIDAD EDUCATIVA EN HONORES A LA BANDERA"},"content":{"rendered":"<p>Participan autoridades municipales y corporaciones de seguridad en acto c\u00edvico en la Secundaria Ram\u00f3n L\u00f3pez Velarde<\/p>\n<p>Jerez, Zac.- El Gobierno Municipal de Jerez, a trav\u00e9s de la Secretar\u00eda de Gobierno y la Coordinaci\u00f3n Municipal de Educaci\u00f3n, particip\u00f3 en los Honores a la Bandera realizados en la Escuela Secundaria \u201cRam\u00f3n L\u00f3pez Velarde\u201d, turno vespertino, como parte de las acciones de acercamiento con la comunidad educativa.<br \/>\nDurante la visita, se logr\u00f3 establecer un v\u00ednculo de colaboraci\u00f3n entre la instituci\u00f3n educativa y la Guardia Nacional. Como resultado, la corporaci\u00f3n solicit\u00f3 la participaci\u00f3n de la banda de guerra del plantel para formar parte del acto c\u00edvico que se llevar\u00e1 a cabo el pr\u00f3ximo 4 de mayo en su destacamento.<br \/>\nEl secretario de Gobierno, Samuel Berumen, y el coordinador municipal de Educaci\u00f3n, Eduardo Ju\u00e1rez, atendieron de manera directa las solicitudes y planteamientos de la comunidad escolar, integrando peticiones de alumnos, docentes y padres de familia, con el objetivo de dar seguimiento y fortalecer las condiciones educativas.<br \/>\nAsimismo, las autoridades municipales estuvieron acompa\u00f1adas por personal del \u00e1rea de Prevenci\u00f3n del Delito de la Direcci\u00f3n de Seguridad P\u00fablica Municipal, quienes contin\u00faan con su campa\u00f1a permanente de concientizaci\u00f3n en escuelas, promoviendo valores, cultura de la legalidad y entornos seguros para ni\u00f1as, ni\u00f1os y j\u00f3venes.<\/p>\n","protected":false},"excerpt":{"rendered":"<p>Participan autoridades municipales y corporaciones de seguridad en acto c\u00edvico en la Secundaria Ram\u00f3n L\u00f3pez Velarde Jerez, Zac.- El Gobierno<\/p>\n","protected":false},"author":5,"featured_media":31066,"comment_status":"closed","ping_status":"closed","sticky":false,"template":"","format":"standard","meta":{"footnotes":"","jetpack_publicize_message":"","jetpack_publicize_feature_enabled":true,"jetpack_social_post_already_shared":true,"jetpack_social_options":{"image_generator_settings":{"template":"highway","default_image_id":0,"font":"","enabled":false},"version":2}},"categories":[8],"tags":[],"class_list":["post-31065","post","type-post","status-publish","format-standard","has-post-thumbnail","hentry","category-ayuntamiento"],"jetpack_publicize_connections":[],"_links":{"self":[{"href":"https:\/\/periodismoinformativo.com\/index.php?rest_route=\/wp\/v2\/posts\/31065","targetHints":{"allow":["GET"]}}],"collection":[{"href":"https:\/\/periodismoinformativo.com\/index.php?rest_route=\/wp\/v2\/posts"}],"about":[{"href":"https:\/\/periodismoinformativo.com\/index.php?rest_route=\/wp\/v2\/types\/post"}],"author":[{"embeddable":true,"href":"https:\/\/periodismoinformativo.com\/index.php?rest_route=\/wp\/v2\/users\/5"}],"replies":[{"embeddable":true,"href":"https:\/\/periodismoinformativo.com\/index.php?rest_route=%2Fwp%2Fv2%2Fcomments&post=31065"}],"version-history":[{"count":1,"href":"https:\/\/periodismoinformativo.com\/index.php?rest_route=\/wp\/v2\/posts\/31065\/revisions"}],"predecessor-version":[{"id":31067,"href":"https:\/\/periodismoinformativo.com\/index.php?rest_route=\/wp\/v2\/posts\/31065\/revisions\/31067"}],"wp:featuredmedia":[{"embeddable":true,"href":"https:\/\/periodismoinformativo.com\/index.php?rest_route=\/wp\/v2\/media\/31066"}],"wp:attachment":[{"href":"https:\/\/periodismoinformativo.com\/index.php?rest_route=%2Fwp%2Fv2%2Fmedia&parent=31065"}],"wp:term":[{"taxonomy":"category","embeddable":true,"href":"https:\/\/periodismoinformativo.com\/index.php?rest_route=%2Fwp%2Fv2%2Fcategories&post=31065"},{"taxonomy":"post_tag","embeddable":true,"href":"https:\/\/periodismoinformativo.com\/index.php?rest_route=%2Fwp%2Fv2%2Ftags&post=31065"}],"curies":[{"name":"wp","href":"https:\/\/api.w.org\/{rel}","templated":true}]}}