{"id":31068,"date":"2026-04-21T14:25:47","date_gmt":"2026-04-21T20:25:47","guid":{"rendered":"https:\/\/periodismoinformativo.com\/?p=31068"},"modified":"2026-04-21T14:25:47","modified_gmt":"2026-04-21T20:25:47","slug":"dif-jerez-concientiza-sobre-el-acoso-escolar-a-estudiantes-de-secundarias","status":"publish","type":"post","link":"https:\/\/periodismoinformativo.com\/?p=31068","title":{"rendered":"DIF JEREZ CONCIENTIZA SOBRE EL ACOSO ESCOLAR A ESTUDIANTES DE SECUNDARIAS"},"content":{"rendered":"<p>El DIF Municipal que encabeza la presidenta honor\u00edfica, Estefana Casas, mantiene acciones para el bienestar de los menores jerezanos, por lo que llev\u00f3 a cabo una conferencia sobre Acoso Escolar dirigida a estudiantes de tercer grado de la secundaria &#8220;Armando Cruz Palomino&#8217;, con el fin de concientizarlos acerca de la importancia del respeto, la empat\u00eda y la sana convivencia dentro y fuera del aula.<br \/>\nDurante la conferencia a cargo del terapeuta Francisco de Luna, se les explic\u00f3 qu\u00e9 es el bullying y los tipos que existen (f\u00edsico, verbal, social y cibern\u00e9tico) y c\u00f3mo puede afectar a quienes lo sufren. Tambi\u00e9n se destac\u00f3 la importancia de no quedarse callados ente \u00e9l, pedir ayuda a maestros, padres de familia o personal de la escuela, y apoyar a los compa\u00f1eros que puedan estar pasando por esta situaci\u00f3n.<br \/>\nEn presencia de la jefa de Servicios del SMDIF, Patricia Guti\u00e9rrez, los alumnos participaron activamente mediante preguntas y ejemplos, mostrando inter\u00e9s en el tema y reflexionando sobre sus acciones diarias. La charla dej\u00f3 como mensaje principal que todos merecen sentirse seguros y respetados en la escuela, y que juntos se puede prevenir el acoso escolar fomentando valores como la tolerancia, la amistad y la solidaridad.<\/p>\n","protected":false},"excerpt":{"rendered":"<p>El DIF Municipal que encabeza la presidenta honor\u00edfica, Estefana Casas, mantiene acciones para el bienestar de los menores jerezanos, por<\/p>\n","protected":false},"author":5,"featured_media":31069,"comment_status":"closed","ping_status":"closed","sticky":false,"template":"","format":"standard","meta":{"footnotes":"","jetpack_publicize_message":"","jetpack_publicize_feature_enabled":true,"jetpack_social_post_already_shared":true,"jetpack_social_options":{"image_generator_settings":{"template":"highway","default_image_id":0,"font":"","enabled":false},"version":2}},"categories":[8],"tags":[],"class_list":["post-31068","post","type-post","status-publish","format-standard","has-post-thumbnail","hentry","category-ayuntamiento"],"jetpack_publicize_connections":[],"_links":{"self":[{"href":"https:\/\/periodismoinformativo.com\/index.php?rest_route=\/wp\/v2\/posts\/31068","targetHints":{"allow":["GET"]}}],"collection":[{"href":"https:\/\/periodismoinformativo.com\/index.php?rest_route=\/wp\/v2\/posts"}],"about":[{"href":"https:\/\/periodismoinformativo.com\/index.php?rest_route=\/wp\/v2\/types\/post"}],"author":[{"embeddable":true,"href":"https:\/\/periodismoinformativo.com\/index.php?rest_route=\/wp\/v2\/users\/5"}],"replies":[{"embeddable":true,"href":"https:\/\/periodismoinformativo.com\/index.php?rest_route=%2Fwp%2Fv2%2Fcomments&post=31068"}],"version-history":[{"count":1,"href":"https:\/\/periodismoinformativo.com\/index.php?rest_route=\/wp\/v2\/posts\/31068\/revisions"}],"predecessor-version":[{"id":31070,"href":"https:\/\/periodismoinformativo.com\/index.php?rest_route=\/wp\/v2\/posts\/31068\/revisions\/31070"}],"wp:featuredmedia":[{"embeddable":true,"href":"https:\/\/periodismoinformativo.com\/index.php?rest_route=\/wp\/v2\/media\/31069"}],"wp:attachment":[{"href":"https:\/\/periodismoinformativo.com\/index.php?rest_route=%2Fwp%2Fv2%2Fmedia&parent=31068"}],"wp:term":[{"taxonomy":"category","embeddable":true,"href":"https:\/\/periodismoinformativo.com\/index.php?rest_route=%2Fwp%2Fv2%2Fcategories&post=31068"},{"taxonomy":"post_tag","embeddable":true,"href":"https:\/\/periodismoinformativo.com\/index.php?rest_route=%2Fwp%2Fv2%2Ftags&post=31068"}],"curies":[{"name":"wp","href":"https:\/\/api.w.org\/{rel}","templated":true}]}}