{"id":31074,"date":"2026-04-23T14:38:40","date_gmt":"2026-04-23T20:38:40","guid":{"rendered":"https:\/\/periodismoinformativo.com\/?p=31074"},"modified":"2026-04-23T14:38:40","modified_gmt":"2026-04-23T20:38:40","slug":"orientadoras-del-dif-jerez-en-constante-capacitacion-para-el-bienestar-de-ninas-y-ninos","status":"publish","type":"post","link":"https:\/\/periodismoinformativo.com\/?p=31074","title":{"rendered":"ORIENTADORAS DEL DIF JEREZ EN CONSTANTE CAPACITACI\u00d3N PARA EL BIENESTAR DE NI\u00d1AS Y NI\u00d1OS"},"content":{"rendered":"<p>El DIF de Jerez que dirige la presidenta honor\u00edfica Estefana Casas, mantiene en constante capacitaci\u00f3n a orientadoras de los Centros de Atenci\u00f3n Comunitaria (CAIC) y la guarder\u00eda \u201cMar\u00eda Guadalupe Campos Navarro\u201d, a fin de que cuenten con las herramientas e informaci\u00f3n necesaria para mantener el bienestar de los infantes que acuden a los organismos educativos adscritos al Sistema.<br \/>\nCon ese prop\u00f3sito se les brind\u00f3 una pl\u00e1tica en la que se abordaron temas de estrategia, gesti\u00f3n y organizaci\u00f3n efectiva en la educaci\u00f3n infantil, impartidos por la tanat\u00f3loga Michelle Aguilar Rodr\u00edguez.<br \/>\nPosteriormente recibieron capacitaci\u00f3n por parte de la Coordinaci\u00f3n Municipal de Protecci\u00f3n Civil y Bomberos de Jerez, con enfoque en primeros auxilios para los menores, destacando la atenci\u00f3n y manejo adecuado ante situaciones de ahogamiento.<\/p>\n","protected":false},"excerpt":{"rendered":"<p>El DIF de Jerez que dirige la presidenta honor\u00edfica Estefana Casas, mantiene en constante capacitaci\u00f3n a orientadoras de los Centros<\/p>\n","protected":false},"author":5,"featured_media":31075,"comment_status":"closed","ping_status":"closed","sticky":false,"template":"","format":"standard","meta":{"footnotes":"","jetpack_publicize_message":"","jetpack_publicize_feature_enabled":true,"jetpack_social_post_already_shared":true,"jetpack_social_options":{"image_generator_settings":{"template":"highway","default_image_id":0,"font":"","enabled":false},"version":2}},"categories":[8],"tags":[],"class_list":["post-31074","post","type-post","status-publish","format-standard","has-post-thumbnail","hentry","category-ayuntamiento"],"jetpack_publicize_connections":[],"_links":{"self":[{"href":"https:\/\/periodismoinformativo.com\/index.php?rest_route=\/wp\/v2\/posts\/31074","targetHints":{"allow":["GET"]}}],"collection":[{"href":"https:\/\/periodismoinformativo.com\/index.php?rest_route=\/wp\/v2\/posts"}],"about":[{"href":"https:\/\/periodismoinformativo.com\/index.php?rest_route=\/wp\/v2\/types\/post"}],"author":[{"embeddable":true,"href":"https:\/\/periodismoinformativo.com\/index.php?rest_route=\/wp\/v2\/users\/5"}],"replies":[{"embeddable":true,"href":"https:\/\/periodismoinformativo.com\/index.php?rest_route=%2Fwp%2Fv2%2Fcomments&post=31074"}],"version-history":[{"count":1,"href":"https:\/\/periodismoinformativo.com\/index.php?rest_route=\/wp\/v2\/posts\/31074\/revisions"}],"predecessor-version":[{"id":31076,"href":"https:\/\/periodismoinformativo.com\/index.php?rest_route=\/wp\/v2\/posts\/31074\/revisions\/31076"}],"wp:featuredmedia":[{"embeddable":true,"href":"https:\/\/periodismoinformativo.com\/index.php?rest_route=\/wp\/v2\/media\/31075"}],"wp:attachment":[{"href":"https:\/\/periodismoinformativo.com\/index.php?rest_route=%2Fwp%2Fv2%2Fmedia&parent=31074"}],"wp:term":[{"taxonomy":"category","embeddable":true,"href":"https:\/\/periodismoinformativo.com\/index.php?rest_route=%2Fwp%2Fv2%2Fcategories&post=31074"},{"taxonomy":"post_tag","embeddable":true,"href":"https:\/\/periodismoinformativo.com\/index.php?rest_route=%2Fwp%2Fv2%2Ftags&post=31074"}],"curies":[{"name":"wp","href":"https:\/\/api.w.org\/{rel}","templated":true}]}}