{"id":31077,"date":"2026-04-24T12:08:56","date_gmt":"2026-04-24T18:08:56","guid":{"rendered":"https:\/\/periodismoinformativo.com\/?p=31077"},"modified":"2026-04-24T12:08:56","modified_gmt":"2026-04-24T18:08:56","slug":"realizan-visita-academica-al-rastro-municipal-de-jerez-para-fortalecer-formacion-en-industrias-alimentarias","status":"publish","type":"post","link":"https:\/\/periodismoinformativo.com\/?p=31077","title":{"rendered":"REALIZAN VISITA ACAD\u00c9MICA AL RASTRO MUNICIPAL DE JEREZ PARA FORTALECER FORMACI\u00d3N EN INDUSTRIAS ALIMENTARIAS"},"content":{"rendered":"<p>Jerez, Zac.- El Gobierno Municipal de Jerez, en coordinaci\u00f3n con el Tecnol\u00f3gico Superior de Jerez, organiz\u00f3 la visita de alumnos de sexto semestre de la carrera de Ingenier\u00eda en Industrias Alimentarias al Rastro Municipal, con el objetivo de fortalecer su formaci\u00f3n acad\u00e9mica mediante la observaci\u00f3n directa de los procesos de sacrificio, cuidado y producci\u00f3n de carne.<br \/>\nDurante el recorrido, las y los estudiantes conocieron las condiciones higi\u00e9nicas y sanitarias bajo las cuales opera el rastro, as\u00ed como los protocolos de manejo, control de calidad y verificaci\u00f3n en el traslado del producto hacia las carnicer\u00edas del municipio.<br \/>\nEl personal del Rastro Municipal explic\u00f3 de manera pr\u00e1ctica los procesos relacionados con la inspecci\u00f3n, los sacrificios humanitarios, los filtros de higiene y sanidad, as\u00ed como el adecuado manejo y distribuci\u00f3n de la carne, brindando a los estudiantes una perspectiva integral sobre la operaci\u00f3n y regulaci\u00f3n de este servicio.<br \/>\nJovita Ortega, encargada del Rastro, manifest\u00f3 que el alcalde Rodrigo Ure\u00f1o tiene un compromiso con la vinculaci\u00f3n acad\u00e9mica y el fortalecimiento de la formaci\u00f3n profesional, promoviendo espacios de aprendizaje que contribuyan al desarrollo de conocimientos t\u00e9cnicos en beneficio del sector productivo local.<\/p>\n","protected":false},"excerpt":{"rendered":"<p>Jerez, Zac.- El Gobierno Municipal de Jerez, en coordinaci\u00f3n con el Tecnol\u00f3gico Superior de Jerez, organiz\u00f3 la visita de alumnos<\/p>\n","protected":false},"author":5,"featured_media":31078,"comment_status":"closed","ping_status":"closed","sticky":false,"template":"","format":"standard","meta":{"footnotes":"","jetpack_publicize_message":"","jetpack_publicize_feature_enabled":true,"jetpack_social_post_already_shared":true,"jetpack_social_options":{"image_generator_settings":{"template":"highway","default_image_id":0,"font":"","enabled":false},"version":2}},"categories":[8],"tags":[],"class_list":["post-31077","post","type-post","status-publish","format-standard","has-post-thumbnail","hentry","category-ayuntamiento"],"jetpack_publicize_connections":[],"_links":{"self":[{"href":"https:\/\/periodismoinformativo.com\/index.php?rest_route=\/wp\/v2\/posts\/31077","targetHints":{"allow":["GET"]}}],"collection":[{"href":"https:\/\/periodismoinformativo.com\/index.php?rest_route=\/wp\/v2\/posts"}],"about":[{"href":"https:\/\/periodismoinformativo.com\/index.php?rest_route=\/wp\/v2\/types\/post"}],"author":[{"embeddable":true,"href":"https:\/\/periodismoinformativo.com\/index.php?rest_route=\/wp\/v2\/users\/5"}],"replies":[{"embeddable":true,"href":"https:\/\/periodismoinformativo.com\/index.php?rest_route=%2Fwp%2Fv2%2Fcomments&post=31077"}],"version-history":[{"count":1,"href":"https:\/\/periodismoinformativo.com\/index.php?rest_route=\/wp\/v2\/posts\/31077\/revisions"}],"predecessor-version":[{"id":31079,"href":"https:\/\/periodismoinformativo.com\/index.php?rest_route=\/wp\/v2\/posts\/31077\/revisions\/31079"}],"wp:featuredmedia":[{"embeddable":true,"href":"https:\/\/periodismoinformativo.com\/index.php?rest_route=\/wp\/v2\/media\/31078"}],"wp:attachment":[{"href":"https:\/\/periodismoinformativo.com\/index.php?rest_route=%2Fwp%2Fv2%2Fmedia&parent=31077"}],"wp:term":[{"taxonomy":"category","embeddable":true,"href":"https:\/\/periodismoinformativo.com\/index.php?rest_route=%2Fwp%2Fv2%2Fcategories&post=31077"},{"taxonomy":"post_tag","embeddable":true,"href":"https:\/\/periodismoinformativo.com\/index.php?rest_route=%2Fwp%2Fv2%2Ftags&post=31077"}],"curies":[{"name":"wp","href":"https:\/\/api.w.org\/{rel}","templated":true}]}}