{"id":31080,"date":"2026-04-24T14:15:33","date_gmt":"2026-04-24T20:15:33","guid":{"rendered":"https:\/\/periodismoinformativo.com\/?p=31080"},"modified":"2026-04-24T14:15:33","modified_gmt":"2026-04-24T20:15:33","slug":"dif-de-jerez-festeja-el-dia-del-nino-con-infantes-del-crijj","status":"publish","type":"post","link":"https:\/\/periodismoinformativo.com\/?p=31080","title":{"rendered":"DIF DE JEREZ FESTEJA EL D\u00cdA DEL NI\u00d1O CON INFANTES DEL CRIJJ"},"content":{"rendered":"<p>En un festejo lleno de alegr\u00eda, diversi\u00f3n y actividades innovadoras, el DIF Municipal celebr\u00f3 el D\u00eda del Ni\u00f1o con peque\u00f1os que acuden el Centro de Rehabilitaci\u00f3n Infantil y Juvenil de Jerez (CRIIJJ), promoviendo la inclusi\u00f3n y bienestar de infantes con capacidades diferentes, as\u00ed como el disfrute de una fecha importante para la ni\u00f1ez jerezana.<br \/>\nLa presidenta honor\u00edfica del SMDIF, Estefana Casas, encabez\u00f3 las celebraci\u00f3n expresando el especial cari\u00f1o y admiraci\u00f3n que tanto ella como el alcalde Rodrigo Ure\u00f1o tienen hacia este sector, por el cual constantemente se emprenden acciones para que se sientan queridos y reconocidos, sobre todo en una fecha tan significativa en la que se honra a ni\u00f1as y ni\u00f1os.<br \/>\nEn compa\u00f1\u00eda de la directora del Sistema, Martha Alamillo, por primera vez se llev\u00f3 a cabo la coronaci\u00f3n de la corte real del CRIJJ, en la que Aar\u00f3n e Isabela se convirtieron en rey y reina, para dar paso al fomento entre los infantes del cuidado del medio ambiente con la din\u00e1mica de adopci\u00f3n de un rosal, siguiendo con un ameno convivio y la tradicional partida del pastel.<br \/>\nTambi\u00e9n en presencia de la jefa de Discapacidad e Inclusi\u00f3n del DIF, Roc\u00edo Ibarra, y del Club Gorilaz of Road y su titular \u00c1ngel Gonz\u00e1lez que se sumaron a la celebraci\u00f3n, se realiz\u00f3 una Mini Feria con m\u00f3dulos de actividades l\u00fadicas, adem\u00e1s de ofrecer a los festejados rondas de juegos dirigidas por el personal del CRIJJ, que disfrazado de personajes de Disney le dio un toque de mayor j\u00fabilo al momento.<\/p>\n","protected":false},"excerpt":{"rendered":"<p>En un festejo lleno de alegr\u00eda, diversi\u00f3n y actividades innovadoras, el DIF Municipal celebr\u00f3 el D\u00eda del Ni\u00f1o con peque\u00f1os<\/p>\n","protected":false},"author":5,"featured_media":31081,"comment_status":"closed","ping_status":"closed","sticky":false,"template":"","format":"standard","meta":{"footnotes":"","jetpack_publicize_message":"","jetpack_publicize_feature_enabled":true,"jetpack_social_post_already_shared":true,"jetpack_social_options":{"image_generator_settings":{"template":"highway","default_image_id":0,"font":"","enabled":false},"version":2}},"categories":[8],"tags":[],"class_list":["post-31080","post","type-post","status-publish","format-standard","has-post-thumbnail","hentry","category-ayuntamiento"],"jetpack_publicize_connections":[],"_links":{"self":[{"href":"https:\/\/periodismoinformativo.com\/index.php?rest_route=\/wp\/v2\/posts\/31080","targetHints":{"allow":["GET"]}}],"collection":[{"href":"https:\/\/periodismoinformativo.com\/index.php?rest_route=\/wp\/v2\/posts"}],"about":[{"href":"https:\/\/periodismoinformativo.com\/index.php?rest_route=\/wp\/v2\/types\/post"}],"author":[{"embeddable":true,"href":"https:\/\/periodismoinformativo.com\/index.php?rest_route=\/wp\/v2\/users\/5"}],"replies":[{"embeddable":true,"href":"https:\/\/periodismoinformativo.com\/index.php?rest_route=%2Fwp%2Fv2%2Fcomments&post=31080"}],"version-history":[{"count":1,"href":"https:\/\/periodismoinformativo.com\/index.php?rest_route=\/wp\/v2\/posts\/31080\/revisions"}],"predecessor-version":[{"id":31082,"href":"https:\/\/periodismoinformativo.com\/index.php?rest_route=\/wp\/v2\/posts\/31080\/revisions\/31082"}],"wp:featuredmedia":[{"embeddable":true,"href":"https:\/\/periodismoinformativo.com\/index.php?rest_route=\/wp\/v2\/media\/31081"}],"wp:attachment":[{"href":"https:\/\/periodismoinformativo.com\/index.php?rest_route=%2Fwp%2Fv2%2Fmedia&parent=31080"}],"wp:term":[{"taxonomy":"category","embeddable":true,"href":"https:\/\/periodismoinformativo.com\/index.php?rest_route=%2Fwp%2Fv2%2Fcategories&post=31080"},{"taxonomy":"post_tag","embeddable":true,"href":"https:\/\/periodismoinformativo.com\/index.php?rest_route=%2Fwp%2Fv2%2Ftags&post=31080"}],"curies":[{"name":"wp","href":"https:\/\/api.w.org\/{rel}","templated":true}]}}