{"id":31083,"date":"2026-04-25T13:53:26","date_gmt":"2026-04-25T19:53:26","guid":{"rendered":"https:\/\/periodismoinformativo.com\/?p=31083"},"modified":"2026-04-25T13:53:26","modified_gmt":"2026-04-25T19:53:26","slug":"jerez-fortalece-la-educacion-artistica-con-el-encuentro-con-las-artes-para-preescolar","status":"publish","type":"post","link":"https:\/\/periodismoinformativo.com\/?p=31083","title":{"rendered":"JEREZ FORTALECE LA EDUCACI\u00d3N ART\u00cdSTICA CON EL ENCUENTRO CON LAS ARTES PARA PREESCOLAR"},"content":{"rendered":"<p>Jerez, Zac.- Con el objetivo de fomentar la creatividad, la cultura y el amor por las ra\u00edces desde la infancia, la Coordinaci\u00f3n Municipal de Educaci\u00f3n de Jerez particip\u00f3 activamente en el \u201cEncuentro con las Artes\u201d, organizado por la Zona 22 de Preescolar.<\/p>\n<p>Este encuentro ofreci\u00f3 a ni\u00f1as y ni\u00f1os una experiencia formativa y l\u00fadica, en la que pudieron descubrir algunos de los espacios m\u00e1s emblem\u00e1ticos del municipio, promoviendo el orgullo por la historia y la identidad jerezana a trav\u00e9s del arte.<\/p>\n<p>Como parte del recorrido, las y los asistentes visitaron el Teatro Hinojosa, el Edificio Alk\u00e1zar y la Casa de Ram\u00f3n L\u00f3pez Velarde, lugares representativos del patrimonio cultural de Jerez. Adem\u00e1s, la Coordinaci\u00f3n Municipal de Educaci\u00f3n contribuy\u00f3 con un taller de artes desarrollado en el Edificio Alk\u00e1zar, fortaleciendo las habilidades creativas de las y los peque\u00f1os.<\/p>\n<p>En esta actividad participaron preescolares provenientes de los municipios de Tepetongo, Monte Escobedo y Jerez, consolidando un espacio de convivencia regional en torno a la educaci\u00f3n y la cultura.<\/p>\n<p>El evento concluy\u00f3 en la Plaza Tacuba, donde ni\u00f1as y ni\u00f1os disfrutaron de la alegr\u00eda y tradici\u00f3n del tamborazo jerezano, cerrando as\u00ed una jornada llena de aprendizaje, identidad y expresi\u00f3n art\u00edstica.<\/p>\n","protected":false},"excerpt":{"rendered":"<p>Jerez, Zac.- Con el objetivo de fomentar la creatividad, la cultura y el amor por las ra\u00edces desde la infancia,<\/p>\n","protected":false},"author":5,"featured_media":31084,"comment_status":"closed","ping_status":"closed","sticky":false,"template":"","format":"standard","meta":{"footnotes":"","jetpack_publicize_message":"","jetpack_publicize_feature_enabled":true,"jetpack_social_post_already_shared":true,"jetpack_social_options":{"image_generator_settings":{"template":"highway","default_image_id":0,"font":"","enabled":false},"version":2}},"categories":[8],"tags":[],"class_list":["post-31083","post","type-post","status-publish","format-standard","has-post-thumbnail","hentry","category-ayuntamiento"],"jetpack_publicize_connections":[],"_links":{"self":[{"href":"https:\/\/periodismoinformativo.com\/index.php?rest_route=\/wp\/v2\/posts\/31083","targetHints":{"allow":["GET"]}}],"collection":[{"href":"https:\/\/periodismoinformativo.com\/index.php?rest_route=\/wp\/v2\/posts"}],"about":[{"href":"https:\/\/periodismoinformativo.com\/index.php?rest_route=\/wp\/v2\/types\/post"}],"author":[{"embeddable":true,"href":"https:\/\/periodismoinformativo.com\/index.php?rest_route=\/wp\/v2\/users\/5"}],"replies":[{"embeddable":true,"href":"https:\/\/periodismoinformativo.com\/index.php?rest_route=%2Fwp%2Fv2%2Fcomments&post=31083"}],"version-history":[{"count":1,"href":"https:\/\/periodismoinformativo.com\/index.php?rest_route=\/wp\/v2\/posts\/31083\/revisions"}],"predecessor-version":[{"id":31085,"href":"https:\/\/periodismoinformativo.com\/index.php?rest_route=\/wp\/v2\/posts\/31083\/revisions\/31085"}],"wp:featuredmedia":[{"embeddable":true,"href":"https:\/\/periodismoinformativo.com\/index.php?rest_route=\/wp\/v2\/media\/31084"}],"wp:attachment":[{"href":"https:\/\/periodismoinformativo.com\/index.php?rest_route=%2Fwp%2Fv2%2Fmedia&parent=31083"}],"wp:term":[{"taxonomy":"category","embeddable":true,"href":"https:\/\/periodismoinformativo.com\/index.php?rest_route=%2Fwp%2Fv2%2Fcategories&post=31083"},{"taxonomy":"post_tag","embeddable":true,"href":"https:\/\/periodismoinformativo.com\/index.php?rest_route=%2Fwp%2Fv2%2Ftags&post=31083"}],"curies":[{"name":"wp","href":"https:\/\/api.w.org\/{rel}","templated":true}]}}