{"id":31090,"date":"2026-04-28T11:55:40","date_gmt":"2026-04-28T17:55:40","guid":{"rendered":"https:\/\/periodismoinformativo.com\/?p=31090"},"modified":"2026-04-29T11:32:58","modified_gmt":"2026-04-29T17:32:58","slug":"gobierno-de-jerez-celebra-el-dia-del-nino-con-talleres-y-recorridos-culturales-en-la-biblioteca-modelo","status":"publish","type":"post","link":"https:\/\/periodismoinformativo.com\/?p=31090","title":{"rendered":"GOBIERNO DE JEREZ CELEBRA EL D\u00cdA DEL NI\u00d1O CON TALLERES Y RECORRIDOS CULTURALES EN LA BIBLIOTECA MODELO"},"content":{"rendered":"<p>Jerez, Zac.- Con motivo del D\u00eda del Ni\u00f1o, el Gobierno Municipal de Jerez, a trav\u00e9s de la Coordinaci\u00f3n Municipal de Educaci\u00f3n, llev\u00f3 a cabo el taller \u201cCuenta Teatro en tu Biblioteca\u201d, as\u00ed como una visita guiada a la Biblioteca Modelo, en la que participaron alumnos de la Primaria Miguel Hidalgo, de la comunidad de El Cargadero, y de la Primaria Lorenzo Ram\u00edrez Arellano.<br \/>\nDurante la jornada, las ni\u00f1as y ni\u00f1os disfrutaron de actividades l\u00fadicas y formativas como teatro gui\u00f1ol y t\u00edteres, fomentando la imaginaci\u00f3n, la lectura y el gusto por las expresiones art\u00edsticas en un ambiente educativo y recreativo.<br \/>\nLa Coordinaci\u00f3n Municipal de Educaci\u00f3n, adem\u00e1s de organizar el recorrido y el taller, gestion\u00f3 el transporte de los estudiantes a trav\u00e9s del Turib\u00fas, facilitando su traslado y garantizando una experiencia integral. Asimismo, se entregaron bolos a los participantes como parte de esta celebraci\u00f3n especial.<br \/>\nEl titular de la dependencia, Eduardo Ju\u00e1rez, destac\u00f3 que estas acciones responden a la instrucci\u00f3n del alcalde Rodrigo Ure\u00f1o de impulsar actividades que fortalezcan el desarrollo integral de la ni\u00f1ez jerezana, acerc\u00e1ndolos a espacios culturales y educativos que contribuyan a su formaci\u00f3n.<\/p>\n","protected":false},"excerpt":{"rendered":"<p>Jerez, Zac.- Con motivo del D\u00eda del Ni\u00f1o, el Gobierno Municipal de Jerez, a trav\u00e9s de la Coordinaci\u00f3n Municipal de<\/p>\n","protected":false},"author":5,"featured_media":31091,"comment_status":"closed","ping_status":"closed","sticky":false,"template":"","format":"standard","meta":{"footnotes":"","jetpack_publicize_message":"","jetpack_publicize_feature_enabled":true,"jetpack_social_post_already_shared":true,"jetpack_social_options":{"image_generator_settings":{"template":"highway","default_image_id":0,"font":"","enabled":false},"version":2}},"categories":[8],"tags":[],"class_list":["post-31090","post","type-post","status-publish","format-standard","has-post-thumbnail","hentry","category-ayuntamiento"],"jetpack_publicize_connections":[],"_links":{"self":[{"href":"https:\/\/periodismoinformativo.com\/index.php?rest_route=\/wp\/v2\/posts\/31090","targetHints":{"allow":["GET"]}}],"collection":[{"href":"https:\/\/periodismoinformativo.com\/index.php?rest_route=\/wp\/v2\/posts"}],"about":[{"href":"https:\/\/periodismoinformativo.com\/index.php?rest_route=\/wp\/v2\/types\/post"}],"author":[{"embeddable":true,"href":"https:\/\/periodismoinformativo.com\/index.php?rest_route=\/wp\/v2\/users\/5"}],"replies":[{"embeddable":true,"href":"https:\/\/periodismoinformativo.com\/index.php?rest_route=%2Fwp%2Fv2%2Fcomments&post=31090"}],"version-history":[{"count":1,"href":"https:\/\/periodismoinformativo.com\/index.php?rest_route=\/wp\/v2\/posts\/31090\/revisions"}],"predecessor-version":[{"id":31092,"href":"https:\/\/periodismoinformativo.com\/index.php?rest_route=\/wp\/v2\/posts\/31090\/revisions\/31092"}],"wp:featuredmedia":[{"embeddable":true,"href":"https:\/\/periodismoinformativo.com\/index.php?rest_route=\/wp\/v2\/media\/31091"}],"wp:attachment":[{"href":"https:\/\/periodismoinformativo.com\/index.php?rest_route=%2Fwp%2Fv2%2Fmedia&parent=31090"}],"wp:term":[{"taxonomy":"category","embeddable":true,"href":"https:\/\/periodismoinformativo.com\/index.php?rest_route=%2Fwp%2Fv2%2Fcategories&post=31090"},{"taxonomy":"post_tag","embeddable":true,"href":"https:\/\/periodismoinformativo.com\/index.php?rest_route=%2Fwp%2Fv2%2Ftags&post=31090"}],"curies":[{"name":"wp","href":"https:\/\/api.w.org\/{rel}","templated":true}]}}